{"id":56106,"date":"2025-09-20T08:34:39","date_gmt":"2025-09-20T05:34:39","guid":{"rendered":"https:\/\/www.egemtv.com\/?p=56106"},"modified":"2025-09-20T08:34:40","modified_gmt":"2025-09-20T05:34:40","slug":"koycegizde-gunesin-ilk-isiklari-ile-hava-mudahalesi-tekrar-basladi","status":"publish","type":"post","link":"https:\/\/www.egemtv.com\/?p=56106","title":{"rendered":"K\u00f6yce\u011fiz\u2019de g\u00fcne\u015fin ilk \u0131\u015f\u0131klar\u0131 ile hava m\u00fcdahalesi tekrar ba\u015flad\u0131"},"content":{"rendered":"<p>Mu\u011fla\u2019n\u0131n K\u00f6yce\u011fiz il\u00e7esinde iki g\u00fcnd\u00fcr devam eden orman yang\u0131n\u0131na gece boyunca ara verilen hava m\u00fcdahalesi sabah g\u00fcne\u015fin ilk \u0131\u015f\u0131klar\u0131 ile tekrar ba\u015flad\u0131. Gece boyunca kara ekipleri taraf\u0131ndan ger\u00e7ekle\u015ftirilen alevlerle m\u00fccadeleye sabah hava ekipleri de dahil oldu.<br \/>\n<br \/>K\u00f6yce\u011fiz Akk\u00f6pr\u00fc yang\u0131n\u0131na 143 Araz\u00f6z ve su tankeri, 122 ara\u00e7, 20 i\u015f makinesi ve 939 personel ile karadan, 10 U\u00e7ak ve 14 Helikopter olmak \u00fczere 24 hava arac\u0131 g\u00fcnd\u00fcz saatlerinde yang\u0131na m\u00fcdahale ediyor.<br \/>\n<br \/>B\u00f6lgede iki g\u00fcnd\u00fcr devam eden \u015fiddetli r\u00fczgar yang\u0131n\u0131n geni\u015f bir alana yay\u0131lmas\u0131na sebep olurken, arazinin sarp ve dik olmas\u0131 da kara m\u00fcdahalesini zorla\u015ft\u0131r\u0131yor.<br \/><\/p>\n","protected":false},"excerpt":{"rendered":"<p>Mu\u011fla\u2019n\u0131n K\u00f6yce\u011fiz il\u00e7esinde iki g\u00fcnd\u00fcr devam eden orman yang\u0131n\u0131na gece boyunca ara verilen hava m\u00fcdahalesi sabah g\u00fcne\u015fin ilk \u0131\u015f\u0131klar\u0131 ile tekrar ba\u015flad\u0131. Gece boyunca kara ekipleri taraf\u0131ndan ger\u00e7ekle\u015ftirilen alevlerle m\u00fccadeleye sabah hava ekipleri de dahil oldu. K\u00f6yce\u011fiz Akk\u00f6pr\u00fc yang\u0131n\u0131na 143 Araz\u00f6z ve su tankeri, 122 ara\u00e7, 20 i\u015f makinesi ve 939 personel ile karadan, 10&#8230;<\/p>\n","protected":false},"author":1,"featured_media":56107,"comment_status":"open","ping_status":"open","sticky":false,"template":"","format":"standard","meta":{"_crdt_document":"","footnotes":""},"categories":[5],"tags":[],"class_list":["post-56106","post","type-post","status-publish","format-standard","has-post-thumbnail","hentry","category-asayis"],"_links":{"self":[{"href":"https:\/\/www.egemtv.com\/index.php?rest_route=\/wp\/v2\/posts\/56106","targetHints":{"allow":["GET"]}}],"collection":[{"href":"https:\/\/www.egemtv.com\/index.php?rest_route=\/wp\/v2\/posts"}],"about":[{"href":"https:\/\/www.egemtv.com\/index.php?rest_route=\/wp\/v2\/types\/post"}],"author":[{"embeddable":true,"href":"https:\/\/www.egemtv.com\/index.php?rest_route=\/wp\/v2\/users\/1"}],"replies":[{"embeddable":true,"href":"https:\/\/www.egemtv.com\/index.php?rest_route=%2Fwp%2Fv2%2Fcomments&post=56106"}],"version-history":[{"count":1,"href":"https:\/\/www.egemtv.com\/index.php?rest_route=\/wp\/v2\/posts\/56106\/revisions"}],"predecessor-version":[{"id":56108,"href":"https:\/\/www.egemtv.com\/index.php?rest_route=\/wp\/v2\/posts\/56106\/revisions\/56108"}],"wp:featuredmedia":[{"embeddable":true,"href":"https:\/\/www.egemtv.com\/index.php?rest_route=\/wp\/v2\/media\/56107"}],"wp:attachment":[{"href":"https:\/\/www.egemtv.com\/index.php?rest_route=%2Fwp%2Fv2%2Fmedia&parent=56106"}],"wp:term":[{"taxonomy":"category","embeddable":true,"href":"https:\/\/www.egemtv.com\/index.php?rest_route=%2Fwp%2Fv2%2Fcategories&post=56106"},{"taxonomy":"post_tag","embeddable":true,"href":"https:\/\/www.egemtv.com\/index.php?rest_route=%2Fwp%2Fv2%2Ftags&post=56106"}],"curies":[{"name":"wp","href":"https:\/\/api.w.org\/{rel}","templated":true}]}}