{"id":56103,"date":"2025-09-20T07:34:35","date_gmt":"2025-09-20T04:34:35","guid":{"rendered":"https:\/\/www.egemtv.com\/?p=56103"},"modified":"2025-09-20T07:34:36","modified_gmt":"2025-09-20T04:34:36","slug":"guvenli-universite-projesiyle-2-bin-500-ogrenci-bilgilendirildi","status":"publish","type":"post","link":"https:\/\/www.egemtv.com\/?p=56103","title":{"rendered":"\u2019G\u00fcvenli \u00dcniversite\u2019 Projesiyle 2 bin 500 \u00f6\u011frenci bilgilendirildi"},"content":{"rendered":"<p>Manisa\u2019da \u00fcniversite \u00f6\u011frencilerine y\u00f6nelik ba\u015flat\u0131lan \u2019G\u00fcvenli \u00dcniversite\u2019 Projesi kapsam\u0131nda 2 bin 500 \u00f6\u011frenciye g\u00fcvenlik bilgilendirmesi yap\u0131larak bro\u015f\u00fcr da\u011f\u0131t\u0131ld\u0131.<br \/>\n<br \/>Manisa \u0130l Emniyet M\u00fcd\u00fcrl\u00fc\u011f\u00fc G\u00fcvenlik \u015eube M\u00fcd\u00fcrl\u00fc\u011f\u00fc ekipleri, 2025-2026 e\u011fitim \u00f6\u011fretim y\u0131l\u0131 ba\u015flang\u0131c\u0131nda \u00fcniversite \u00f6\u011frencilerine y\u00f6nelik \u2019G\u00fcvenli \u00dcniversite\u2019 Projesi kapsam\u0131nda bilgilendirme \u00e7al\u0131\u015fmas\u0131 yapt\u0131.<br \/>\n<br \/>Celal Bayar \u00dcniversitesi Muradiye, Uncubozk\u00f6y ve \u015eehzadeler yerle\u015fkeleri ile Otogar ve Tren Gar\u0131\u2019nda 15-19 Eyl\u00fcl tarihleri aras\u0131nda ger\u00e7ekle\u015ftirilen etkinliklerde yakla\u015f\u0131k 2 bin 500 \u00f6\u011frenciye g\u00fcvenlik konular\u0131nda bilgilendirme yap\u0131larak bro\u015f\u00fcr da\u011f\u0131t\u0131ld\u0131.<br \/>\n<br \/>Manisa \u0130l Emniyet M\u00fcd\u00fcrl\u00fc\u011f\u00fc, \u00f6\u011frencilerin g\u00fcvenli bir e\u011fitim \u00f6\u011fretim d\u00f6nemi ge\u00e7irmesi amac\u0131yla \u00e7al\u0131\u015fmalar\u0131n aral\u0131ks\u0131z s\u00fcrece\u011fini bildirdi.<br \/><\/p>\n","protected":false},"excerpt":{"rendered":"<p>Manisa\u2019da \u00fcniversite \u00f6\u011frencilerine y\u00f6nelik ba\u015flat\u0131lan \u2019G\u00fcvenli \u00dcniversite\u2019 Projesi kapsam\u0131nda 2 bin 500 \u00f6\u011frenciye g\u00fcvenlik bilgilendirmesi yap\u0131larak bro\u015f\u00fcr da\u011f\u0131t\u0131ld\u0131. Manisa \u0130l Emniyet M\u00fcd\u00fcrl\u00fc\u011f\u00fc G\u00fcvenlik \u015eube M\u00fcd\u00fcrl\u00fc\u011f\u00fc ekipleri, 2025-2026 e\u011fitim \u00f6\u011fretim y\u0131l\u0131 ba\u015flang\u0131c\u0131nda \u00fcniversite \u00f6\u011frencilerine y\u00f6nelik \u2019G\u00fcvenli \u00dcniversite\u2019 Projesi kapsam\u0131nda bilgilendirme \u00e7al\u0131\u015fmas\u0131 yapt\u0131. Celal Bayar \u00dcniversitesi Muradiye, Uncubozk\u00f6y ve \u015eehzadeler yerle\u015fkeleri ile Otogar ve Tren Gar\u0131\u2019nda 15-19&#8230;<\/p>\n","protected":false},"author":1,"featured_media":56104,"comment_status":"open","ping_status":"open","sticky":false,"template":"","format":"standard","meta":{"_crdt_document":"","footnotes":""},"categories":[5],"tags":[],"class_list":["post-56103","post","type-post","status-publish","format-standard","has-post-thumbnail","hentry","category-asayis"],"_links":{"self":[{"href":"https:\/\/www.egemtv.com\/index.php?rest_route=\/wp\/v2\/posts\/56103","targetHints":{"allow":["GET"]}}],"collection":[{"href":"https:\/\/www.egemtv.com\/index.php?rest_route=\/wp\/v2\/posts"}],"about":[{"href":"https:\/\/www.egemtv.com\/index.php?rest_route=\/wp\/v2\/types\/post"}],"author":[{"embeddable":true,"href":"https:\/\/www.egemtv.com\/index.php?rest_route=\/wp\/v2\/users\/1"}],"replies":[{"embeddable":true,"href":"https:\/\/www.egemtv.com\/index.php?rest_route=%2Fwp%2Fv2%2Fcomments&post=56103"}],"version-history":[{"count":1,"href":"https:\/\/www.egemtv.com\/index.php?rest_route=\/wp\/v2\/posts\/56103\/revisions"}],"predecessor-version":[{"id":56105,"href":"https:\/\/www.egemtv.com\/index.php?rest_route=\/wp\/v2\/posts\/56103\/revisions\/56105"}],"wp:featuredmedia":[{"embeddable":true,"href":"https:\/\/www.egemtv.com\/index.php?rest_route=\/wp\/v2\/media\/56104"}],"wp:attachment":[{"href":"https:\/\/www.egemtv.com\/index.php?rest_route=%2Fwp%2Fv2%2Fmedia&parent=56103"}],"wp:term":[{"taxonomy":"category","embeddable":true,"href":"https:\/\/www.egemtv.com\/index.php?rest_route=%2Fwp%2Fv2%2Fcategories&post=56103"},{"taxonomy":"post_tag","embeddable":true,"href":"https:\/\/www.egemtv.com\/index.php?rest_route=%2Fwp%2Fv2%2Ftags&post=56103"}],"curies":[{"name":"wp","href":"https:\/\/api.w.org\/{rel}","templated":true}]}}