{"id":56100,"date":"2025-09-20T04:54:31","date_gmt":"2025-09-20T01:54:31","guid":{"rendered":"https:\/\/www.egemtv.com\/?p=56100"},"modified":"2025-09-20T04:54:32","modified_gmt":"2025-09-20T01:54:32","slug":"ates-savascilarinin-yesil-vatan-mucadelesi-suruyor","status":"publish","type":"post","link":"https:\/\/www.egemtv.com\/?p=56100","title":{"rendered":"Ate\u015f sava\u015f\u00e7\u0131lar\u0131n\u0131n ye\u015fil vatan m\u00fccadelesi s\u00fcr\u00fcyor"},"content":{"rendered":"<p>Mu\u011fla\u2019n\u0131n K\u00f6yce\u011fiz ve Milas il\u00e7esinde \u00e7\u0131kan orman yang\u0131nlar\u0131 ile m\u00fccadele gece de devam ederken, yang\u0131n s\u00f6nd\u00fcrme ekiplerinin alevlerle sava\u015f\u0131 s\u00fcr\u00fcyor. Gecenin karanl\u0131\u011f\u0131na ald\u0131r\u0131\u015f etmeden alevlere g\u00f6\u011f\u00fcs geren ate\u015f sava\u015f\u00e7\u0131lar\u0131 cansiperane \u015fekilde yang\u0131n\u0131 kontrol alt\u0131na almak i\u00e7in \u00e7al\u0131\u015f\u0131yor.<\/p>\n<p>Mu\u011fla\u2019da \u00f6nceki g\u00fcn 8 ayr\u0131 yerde \u00e7\u0131kan yang\u0131nlardan 6\u2019s\u0131 b\u00fcy\u00fcmeden kontrol alt\u0131na al\u0131n\u0131rken, 2 b\u00f6lgede ise s\u00f6nd\u00fcrme \u00e7al\u0131\u015fmalar\u0131 devam ediyor. K\u00f6yce\u011fiz Akk\u00f6pr\u00fc ve Milas K\u0131y\u0131k\u0131\u015flac\u0131k yang\u0131nlar\u0131 ile m\u00fccadele gece boyunca karadan devam ediyor. Y\u00fczlerce personel ve ara\u00e7la alevlerin \u00f6n\u00fcne ge\u00e7ilmeye \u00e7al\u0131\u015f\u0131l\u0131yor. Yang\u0131n s\u00f6nd\u00fcrme ekipleri karadan alevlerin kontrol alt\u0131na al\u0131nmas\u0131 i\u00e7in yo\u011fun \u00e7aba sarf ediyor. Gecenin karanl\u0131\u011f\u0131nda alevlerin i\u00e7indeki cansiperane m\u00fccadele ile yang\u0131n\u0131n kontrol al\u0131nmas\u0131 i\u00e7in \u00e7aba sarf ediliyor. Yang\u0131nda \u015fu ana kadar 218 ev bo\u015falt\u0131l\u0131rken, 582 vatanda\u015f\u0131n g\u00fcvenli b\u00f6lgeye naklinin sa\u011fland\u0131\u011f\u0131 \u00f6\u011frenildi.<\/p>\n<p>Mu\u011fla Valisi Akb\u0131y\u0131k: &#8220;Alevlerle m\u00fccadelemiz devam ediyor&#8221;<br \/>\n<br \/>Mu\u011fla Valisi \u0130dris Akb\u0131y\u0131k, Mu\u011fla\u2019da d\u00fcn gece \u00e7\u0131kan 8 yang\u0131n\u0131n 6\u2019s\u0131n\u0131n ekiplerin m\u00fcdahalesi ile b\u00fcy\u00fcmeden s\u00f6nd\u00fcr\u00fcld\u00fc\u011f\u00fcn\u00fc ifade ederek, &#8220;K\u00f6yce\u011fiz Akk\u00f6pr\u00fc, Sazak ve P\u0131nar mahallelerimizde ve Milas K\u0131y\u0131k\u0131\u015flac\u0131k mahallemizde meydana gelen ve \u015fiddetli r\u00fczgar\u0131n etkisiyle devam eden orman yang\u0131nlar\u0131 ile m\u00fccadelede ilk 24 saati geride b\u0131rakt\u0131k. Orman\u0131n Kahramanlar\u0131 ye\u015fil vatan\u0131m\u0131z\u0131 korumak i\u00e7in gece g\u00fcnd\u00fcz demeden cansiperane \u015fekilde aral\u0131ks\u0131z yang\u0131nla m\u00fccadele etmektedir. Milas K\u0131y\u0131k\u0131\u015flac\u0131k yang\u0131n\u0131na 22 Araz\u00f6z ve Su Tankeri, 24 Ara\u00e7, 4 i\u015f makinesi ve 144 personel karadan, 2 U\u00e7ak, 3 Helikopter olmak \u00fczere 5 hava arac\u0131 g\u00fcnd\u00fcz saatlerinde yang\u0131na m\u00fcdahale etmi\u015ftir. K\u00f6yce\u011fiz Akk\u00f6pr\u00fc yang\u0131n\u0131na 143 Araz\u00f6z ve Su Tankeri, 122 ara\u00e7, 20 i\u015f makinesi ve 939 personel ile karadan, 10 U\u00e7ak ve 14 Helikopter olmak \u00fczere 24 hava arac\u0131 g\u00fcnd\u00fcz saatlerinde yang\u0131na m\u00fcdahale edilmi\u015ftir. \u015eu an itibariyle karadan m\u00fccadelemiz devam etmektedir. B\u00f6lgede ekiplerimizin ileti\u015fimini desteklemek i\u00e7in 2 adet mobil baz istasyonu devreye al\u0131nm\u0131\u015ft\u0131r. K\u00f6yce\u011fiz il\u00e7emizde yang\u0131n b\u00f6lgesinde bulunan Akk\u00f6pr\u00fc, Sazak ve P\u0131nar mahallelerinin yerle\u015fim birimlerinden 218 ev bo\u015falt\u0131larak 582 \u015fah\u0131s g\u00fcvenli b\u00f6lgeye tahliye edilmi\u015ftir. Yine ayn\u0131 b\u00f6lgeden 997 k\u00fc\u00e7\u00fckba\u015f ve 496 b\u00fcy\u00fckba\u015f hayvan\u0131n tahliyesi tamamlanm\u0131\u015ft\u0131r. \u0130lk belirlemelere g\u00f6re 2 depo ve 2 ah\u0131r yang\u0131ndan etkilenmi\u015f ve maalesef 10 k\u00fc\u00e7\u00fckba\u015f hayvan telef olmu\u015ftur. Yang\u0131n\u0131n \u00e7\u0131k\u0131\u015f sebebine ili\u015fkin ara\u015ft\u0131rma ve soru\u015fturma \u00e7ok y\u00f6nl\u00fc olarak titizlikle devam etmektedir&#8221; a\u00e7\u0131klamas\u0131nda bulundu.<br \/><\/p>\n","protected":false},"excerpt":{"rendered":"<p>Mu\u011fla\u2019n\u0131n K\u00f6yce\u011fiz ve Milas il\u00e7esinde \u00e7\u0131kan orman yang\u0131nlar\u0131 ile m\u00fccadele gece de devam ederken, yang\u0131n s\u00f6nd\u00fcrme ekiplerinin alevlerle sava\u015f\u0131 s\u00fcr\u00fcyor. Gecenin karanl\u0131\u011f\u0131na ald\u0131r\u0131\u015f etmeden alevlere g\u00f6\u011f\u00fcs geren ate\u015f sava\u015f\u00e7\u0131lar\u0131 cansiperane \u015fekilde yang\u0131n\u0131 kontrol alt\u0131na almak i\u00e7in \u00e7al\u0131\u015f\u0131yor. Mu\u011fla\u2019da \u00f6nceki g\u00fcn 8 ayr\u0131 yerde \u00e7\u0131kan yang\u0131nlardan 6\u2019s\u0131 b\u00fcy\u00fcmeden kontrol alt\u0131na al\u0131n\u0131rken, 2 b\u00f6lgede ise s\u00f6nd\u00fcrme \u00e7al\u0131\u015fmalar\u0131&#8230;<\/p>\n","protected":false},"author":1,"featured_media":56101,"comment_status":"open","ping_status":"open","sticky":false,"template":"","format":"standard","meta":{"_crdt_document":"","footnotes":""},"categories":[5],"tags":[],"class_list":["post-56100","post","type-post","status-publish","format-standard","has-post-thumbnail","hentry","category-asayis"],"_links":{"self":[{"href":"https:\/\/www.egemtv.com\/index.php?rest_route=\/wp\/v2\/posts\/56100","targetHints":{"allow":["GET"]}}],"collection":[{"href":"https:\/\/www.egemtv.com\/index.php?rest_route=\/wp\/v2\/posts"}],"about":[{"href":"https:\/\/www.egemtv.com\/index.php?rest_route=\/wp\/v2\/types\/post"}],"author":[{"embeddable":true,"href":"https:\/\/www.egemtv.com\/index.php?rest_route=\/wp\/v2\/users\/1"}],"replies":[{"embeddable":true,"href":"https:\/\/www.egemtv.com\/index.php?rest_route=%2Fwp%2Fv2%2Fcomments&post=56100"}],"version-history":[{"count":1,"href":"https:\/\/www.egemtv.com\/index.php?rest_route=\/wp\/v2\/posts\/56100\/revisions"}],"predecessor-version":[{"id":56102,"href":"https:\/\/www.egemtv.com\/index.php?rest_route=\/wp\/v2\/posts\/56100\/revisions\/56102"}],"wp:featuredmedia":[{"embeddable":true,"href":"https:\/\/www.egemtv.com\/index.php?rest_route=\/wp\/v2\/media\/56101"}],"wp:attachment":[{"href":"https:\/\/www.egemtv.com\/index.php?rest_route=%2Fwp%2Fv2%2Fmedia&parent=56100"}],"wp:term":[{"taxonomy":"category","embeddable":true,"href":"https:\/\/www.egemtv.com\/index.php?rest_route=%2Fwp%2Fv2%2Fcategories&post=56100"},{"taxonomy":"post_tag","embeddable":true,"href":"https:\/\/www.egemtv.com\/index.php?rest_route=%2Fwp%2Fv2%2Ftags&post=56100"}],"curies":[{"name":"wp","href":"https:\/\/api.w.org\/{rel}","templated":true}]}}