{"id":56097,"date":"2025-09-20T01:54:31","date_gmt":"2025-09-19T22:54:31","guid":{"rendered":"https:\/\/www.egemtv.com\/?p=56097"},"modified":"2025-09-20T01:54:32","modified_gmt":"2025-09-19T22:54:32","slug":"ormanlik-alana-yakin-mesafede-yangin-cikti","status":"publish","type":"post","link":"https:\/\/www.egemtv.com\/?p=56097","title":{"rendered":"Ormanl\u0131k alana yak\u0131n mesafede yang\u0131n \u00e7\u0131kt\u0131"},"content":{"rendered":"<p>Mu\u011fla\u2019n\u0131n Marmaris il\u00e7esinde ormanl\u0131k alana yak\u0131n bir mesafede \u00e7\u0131kan yang\u0131n ekiplerin h\u0131zl\u0131 m\u00fcdahalesi ile b\u00fcy\u00fcmeden s\u00f6nd\u00fcr\u00fcld\u00fc.<br \/>\n<br \/>Yang\u0131n, Marmaris il\u00e7esi Ye\u015filbelde mevkiinde meydana geldi. Edinilen bilgiye g\u00f6re ormanl\u0131k alana yak\u0131n bir mesafede hen\u00fcz bilinmeyen bir nedenle yang\u0131n \u00e7\u0131kt\u0131. Alevleri fark eden vatanda\u015flar durumu 112 Acil \u00c7a\u011fr\u0131 Merkezi\u2019ne bildirdi. \u0130hbar \u00fczerine b\u00f6lgeye Marmaris Orman \u0130\u015fletme M\u00fcd\u00fcrl\u00fc\u011f\u00fc ekipleri sevk edildi. K\u0131sa s\u00fcrede b\u00f6lgeye gelen ekipler, yang\u0131na m\u00fcdahale etti. B\u00f6lgede etkili olan \u015fiddetli r\u00fczgar sebebiyle s\u00f6nd\u00fcrme \u00e7al\u0131\u015fmalar\u0131nda zaman zaman zorluk ya\u015fansa da yang\u0131n, ekiplerin yo\u011fun \u00e7abas\u0131yla ormana s\u0131\u00e7ramadan s\u00f6nd\u00fcr\u00fcld\u00fc. B\u00f6lgede so\u011futma \u00e7al\u0131\u015fmalar\u0131 devam ediyor.<br \/><\/p>\n","protected":false},"excerpt":{"rendered":"<p>Mu\u011fla\u2019n\u0131n Marmaris il\u00e7esinde ormanl\u0131k alana yak\u0131n bir mesafede \u00e7\u0131kan yang\u0131n ekiplerin h\u0131zl\u0131 m\u00fcdahalesi ile b\u00fcy\u00fcmeden s\u00f6nd\u00fcr\u00fcld\u00fc. Yang\u0131n, Marmaris il\u00e7esi Ye\u015filbelde mevkiinde meydana geldi. Edinilen bilgiye g\u00f6re ormanl\u0131k alana yak\u0131n bir mesafede hen\u00fcz bilinmeyen bir nedenle yang\u0131n \u00e7\u0131kt\u0131. Alevleri fark eden vatanda\u015flar durumu 112 Acil \u00c7a\u011fr\u0131 Merkezi\u2019ne bildirdi. \u0130hbar \u00fczerine b\u00f6lgeye Marmaris Orman \u0130\u015fletme M\u00fcd\u00fcrl\u00fc\u011f\u00fc ekipleri&#8230;<\/p>\n","protected":false},"author":1,"featured_media":56098,"comment_status":"open","ping_status":"open","sticky":false,"template":"","format":"standard","meta":{"_crdt_document":"","footnotes":""},"categories":[5],"tags":[],"class_list":["post-56097","post","type-post","status-publish","format-standard","has-post-thumbnail","hentry","category-asayis"],"_links":{"self":[{"href":"https:\/\/www.egemtv.com\/index.php?rest_route=\/wp\/v2\/posts\/56097","targetHints":{"allow":["GET"]}}],"collection":[{"href":"https:\/\/www.egemtv.com\/index.php?rest_route=\/wp\/v2\/posts"}],"about":[{"href":"https:\/\/www.egemtv.com\/index.php?rest_route=\/wp\/v2\/types\/post"}],"author":[{"embeddable":true,"href":"https:\/\/www.egemtv.com\/index.php?rest_route=\/wp\/v2\/users\/1"}],"replies":[{"embeddable":true,"href":"https:\/\/www.egemtv.com\/index.php?rest_route=%2Fwp%2Fv2%2Fcomments&post=56097"}],"version-history":[{"count":1,"href":"https:\/\/www.egemtv.com\/index.php?rest_route=\/wp\/v2\/posts\/56097\/revisions"}],"predecessor-version":[{"id":56099,"href":"https:\/\/www.egemtv.com\/index.php?rest_route=\/wp\/v2\/posts\/56097\/revisions\/56099"}],"wp:featuredmedia":[{"embeddable":true,"href":"https:\/\/www.egemtv.com\/index.php?rest_route=\/wp\/v2\/media\/56098"}],"wp:attachment":[{"href":"https:\/\/www.egemtv.com\/index.php?rest_route=%2Fwp%2Fv2%2Fmedia&parent=56097"}],"wp:term":[{"taxonomy":"category","embeddable":true,"href":"https:\/\/www.egemtv.com\/index.php?rest_route=%2Fwp%2Fv2%2Fcategories&post=56097"},{"taxonomy":"post_tag","embeddable":true,"href":"https:\/\/www.egemtv.com\/index.php?rest_route=%2Fwp%2Fv2%2Ftags&post=56097"}],"curies":[{"name":"wp","href":"https:\/\/api.w.org\/{rel}","templated":true}]}}