{"id":56094,"date":"2025-09-19T22:36:14","date_gmt":"2025-09-19T19:36:14","guid":{"rendered":"https:\/\/www.egemtv.com\/?p=56094"},"modified":"2025-09-19T22:36:15","modified_gmt":"2025-09-19T19:36:15","slug":"trendyol-super-lig-goztepe-3-besiktas-0-mac-sonucu","status":"publish","type":"post","link":"https:\/\/www.egemtv.com\/?p=56094","title":{"rendered":"Trendyol S\u00fcper Lig: G\u00f6ztepe: 3 &#8211; Be\u015fikta\u015f: 0 (Ma\u00e7 sonucu)"},"content":{"rendered":"<p>Trendyol S\u00fcper Lig\u2019in 6. haftas\u0131nda G\u00f6ztepe, konuk etti\u011fi Be\u015fikta\u015f\u2019\u0131 3-0 ma\u011flup etti.<\/p>\n<p>Ma\u00e7tan dakikalar (\u0130kinci yar\u0131)<br \/>\n<br \/>48. dakikada sa\u011f kanattan h\u0131zla ilerleyen G\u00f6khan\u2019\u0131n sert vuru\u015funda top \u00fcst dire\u011fe \u00e7arp\u0131p oyun alan\u0131na geri d\u00f6nd\u00fc.<br \/>\n<br \/>70. dakikada sa\u011f kanattan Jota Silva\u2019n\u0131n yerden ortas\u0131nda penalt\u0131 noktas\u0131 \u00fczerinde Abraham\u2019\u0131n vuru\u015funda kaleci Lis  topu kontrol etti.<br \/>\n<br \/>73. dakikada sol kanattan ceza sahas\u0131na giren Olaitan, uzak k\u00f6\u015feye vuru\u015funda top dire\u011fin yan\u0131ndan auta \u00e7\u0131kt\u0131.<br \/>\n<br \/>84. dakikada sa\u011f kanattan Efkan\u2019\u0131n ortas\u0131nda kale \u00f6n\u00fcnde Sabra\u2019n\u0131n kafa vuru\u015funu kaleci Mert sa\u011f \u00e7apraza \u00e7eldi. D\u00f6nen topu Sabra, r\u00f6ve\u015fatayla a\u011flara yollad\u0131. 3-0<\/p>\n<p>Stat: G\u00fcrsel Aksel<br \/>\n<br \/>Hakemler: Mehmet T\u00fcrkmen, Ceyhun Sesig\u00fczel, Hakan Yemi\u015fken<br \/>\n<br \/>G\u00f6ztepe: Mateusz Lis, Allan, Heliton, Malcom Bokele, Arda Okan Kurtulan (Taha Alt\u0131karde\u015f dk. 83), Rhaldney (Efkan Bekiro\u011flu dk. 78), Anthony Dennis, Cherni, Junior Olaitan (Ahmed Ild\u0131z dk. 83), Juan (Novatus Miroshi dk. 66), Janderson (Ibrahim Sabra dk. 83)<br \/>\n<br \/>Yedekler: Ekrem K\u0131l\u0131\u00e7arslan, \u0130smail K\u00f6yba\u015f\u0131, Ruan, U\u011fur Kaan Y\u0131ld\u0131z, Furkan Bay\u0131r<br \/>\n<br \/>Teknik Direkt\u00f6r: Stanimir Stoilov<br \/>\n<br \/>Be\u015fikta\u015f: Mert G\u00fcnok, G\u00f6khan Sazda\u011f\u0131, Gabriel Paulista, Felix Uduokhai, David Jurasek (R\u0131dvan Y\u0131lmaz dk. 71), Necip Uysal (Kartal Y\u0131lmaz dk. 71), Demir Ege T\u0131knaz, Vaclav Cerny (Cengiz \u00dcnder dk. 61), Rafa Silva (Jota Silva dk. 61), El Bilal Toure, Tammy Abraham<br \/>\n<br \/>Yedekler: Ersin Destano\u011flu, Emre Bilgin, Tiago Djalo, Emirhan Top\u00e7u, Taylan Bulut, Devrim \u015eahin<br \/>\n<br \/>Teknik Direkt\u00f6r: Sergen Yal\u00e7\u0131n<br \/>\n<br \/>Goller: Juan (dk. 4), Rhaldney (dk. 19), Ibrahim Sabra (dk. 84) (G\u00f6ztepe)<br \/>\n<br \/>Sar\u0131 kartlar: Arda Okan Kurtulan, Junior Olaitan (G\u00f6ztepe), Demir Ege T\u0131knaz (Ba\u015fikta\u015f)<br \/><\/p>\n","protected":false},"excerpt":{"rendered":"<p>Trendyol S\u00fcper Lig\u2019in 6. haftas\u0131nda G\u00f6ztepe, konuk etti\u011fi Be\u015fikta\u015f\u2019\u0131 3-0 ma\u011flup etti. Ma\u00e7tan dakikalar (\u0130kinci yar\u0131) 48. dakikada sa\u011f kanattan h\u0131zla ilerleyen G\u00f6khan\u2019\u0131n sert vuru\u015funda top \u00fcst dire\u011fe \u00e7arp\u0131p oyun alan\u0131na geri d\u00f6nd\u00fc. 70. dakikada sa\u011f kanattan Jota Silva\u2019n\u0131n yerden ortas\u0131nda penalt\u0131 noktas\u0131 \u00fczerinde Abraham\u2019\u0131n vuru\u015funda kaleci Lis topu kontrol etti. 73. dakikada sol kanattan&#8230;<\/p>\n","protected":false},"author":1,"featured_media":56095,"comment_status":"open","ping_status":"open","sticky":false,"template":"","format":"standard","meta":{"_crdt_document":"","footnotes":""},"categories":[4],"tags":[],"class_list":["post-56094","post","type-post","status-publish","format-standard","has-post-thumbnail","hentry","category-spor"],"_links":{"self":[{"href":"https:\/\/www.egemtv.com\/index.php?rest_route=\/wp\/v2\/posts\/56094","targetHints":{"allow":["GET"]}}],"collection":[{"href":"https:\/\/www.egemtv.com\/index.php?rest_route=\/wp\/v2\/posts"}],"about":[{"href":"https:\/\/www.egemtv.com\/index.php?rest_route=\/wp\/v2\/types\/post"}],"author":[{"embeddable":true,"href":"https:\/\/www.egemtv.com\/index.php?rest_route=\/wp\/v2\/users\/1"}],"replies":[{"embeddable":true,"href":"https:\/\/www.egemtv.com\/index.php?rest_route=%2Fwp%2Fv2%2Fcomments&post=56094"}],"version-history":[{"count":1,"href":"https:\/\/www.egemtv.com\/index.php?rest_route=\/wp\/v2\/posts\/56094\/revisions"}],"predecessor-version":[{"id":56096,"href":"https:\/\/www.egemtv.com\/index.php?rest_route=\/wp\/v2\/posts\/56094\/revisions\/56096"}],"wp:featuredmedia":[{"embeddable":true,"href":"https:\/\/www.egemtv.com\/index.php?rest_route=\/wp\/v2\/media\/56095"}],"wp:attachment":[{"href":"https:\/\/www.egemtv.com\/index.php?rest_route=%2Fwp%2Fv2%2Fmedia&parent=56094"}],"wp:term":[{"taxonomy":"category","embeddable":true,"href":"https:\/\/www.egemtv.com\/index.php?rest_route=%2Fwp%2Fv2%2Fcategories&post=56094"},{"taxonomy":"post_tag","embeddable":true,"href":"https:\/\/www.egemtv.com\/index.php?rest_route=%2Fwp%2Fv2%2Ftags&post=56094"}],"curies":[{"name":"wp","href":"https:\/\/api.w.org\/{rel}","templated":true}]}}