{"id":56091,"date":"2025-09-19T22:36:13","date_gmt":"2025-09-19T19:36:13","guid":{"rendered":"https:\/\/www.egemtv.com\/?p=56091"},"modified":"2025-09-19T22:36:14","modified_gmt":"2025-09-19T19:36:14","slug":"chp-genel-baskani-ozel-cumhuriyet-halk-partisinin-kazandigi-secimin-gecesi-turkiyenin-zaferi-olacak","status":"publish","type":"post","link":"https:\/\/www.egemtv.com\/?p=56091","title":{"rendered":"CHP Genel Ba\u015fkan\u0131 \u00d6zel: &#8220;Cumhuriyet Halk Partisi\u2019nin kazand\u0131\u011f\u0131 se\u00e7imin gecesi T\u00fcrkiye\u2019nin zaferi olacak&#8221;"},"content":{"rendered":"<p>CHP Genel Ba\u015fkan\u0131 \u00d6zg\u00fcr \u00d6zel, Manisa\u2019n\u0131n Turgutlu il\u00e7esinde belediye taraf\u0131ndan hayata ge\u00e7irilen yat\u0131r\u0131mlar\u0131n toplu a\u00e7\u0131l\u0131\u015f\u0131n\u0131 ger\u00e7ekle\u015ftirdi.<br \/>\n<br \/>CHP Genel Ba\u015fkan\u0131 \u00d6zg\u00fcr \u00d6zel memleketi Manisa\u2019n\u0131n Turgutlu il\u00e7esinde Turgutlu Belediyesinin kendi imkanlar\u0131yla yapt\u0131\u011f\u0131 Mimar Ferdi Zeyrek Spor Kompleksi, Ekrem G\u00fcrel K\u00fclt\u00fcr Merkezi ile Manisa B\u00fcy\u00fck\u015fehir Belediyesi i\u015f birli\u011fiyle hizmete sundu\u011fu Kent Lokantas\u0131, Halk Mand\u0131ra ve Halk Ekmek projelerinin toplu a\u00e7\u0131l\u0131\u015f\u0131na kat\u0131ld\u0131. Toplu a\u00e7\u0131l\u0131\u015f t\u00f6renine \u00d6zel\u2019in yan\u0131 s\u0131ra, CHP Genel Ba\u015fkan Yard\u0131mc\u0131lar\u0131, CHP Milletvekilleri, CHP Manisa \u0130l Ba\u015fkan\u0131 \u0130lksen \u00d6zalper, Manisa B\u00fcy\u00fck\u015fehir Belediye Ba\u015fkan\u0131 Besim Dutlulu, Turgutlu Belediye Ba\u015fkan\u0131 \u00c7etin Ak\u0131n, merhum Manisa B\u00fcy\u00fck\u015fehir Belediye Ba\u015fkan\u0131 Ferdi Zeyrek\u2019in e\u015fi Nurcan Zeyrek, il\u00e7e ba\u015fkanlar\u0131, il\u00e7e belediye ba\u015fkanlar\u0131 ve \u00e7ok say\u0131da vatanda\u015f kat\u0131ld\u0131. Halk oyunlar\u0131 g\u00f6sterisinin ard\u0131ndan Turgutlu Belediye Ba\u015fkan\u0131 \u00c7etin Ak\u0131n yapt\u0131\u011f\u0131 a\u00e7\u0131l\u0131\u015f konu\u015fmas\u0131nda CHP Genel Ba\u015fkan\u0131 \u00d6zg\u00fcr \u00d6zel ve merhum Manisa B\u00fcy\u00fck\u015fehir Belediye Ba\u015fkan\u0131 Ferdi Zeyrek ile birlikte temel att\u0131klar\u0131 projelerin a\u00e7\u0131l\u0131\u015f\u0131n\u0131 ger\u00e7ekle\u015ftiriyor olman\u0131n mutlulu\u011funu ya\u015fad\u0131klar\u0131n\u0131 s\u00f6yledi. Ferdi Zeyrek\u2019in e\u015fi Nurcan Zeyrek ise b\u00fcy\u00fck bir gurur ve derin bir h\u00fczn\u00fc ayn\u0131 anda ya\u015fad\u0131\u011f\u0131n\u0131 belirterek, &#8220;E\u015fimin ad\u0131n\u0131n b\u00f6yle bir tesise verilmesinde eme\u011fi ge\u00e7en herkese sonsuz te\u015fekk\u00fcrlerimi sunuyorum.&#8221; dedi. Manisa B\u00fcy\u00fck\u015fehir Belediye Ba\u015fkan\u0131 Besim Dutlulu ise onca imkans\u0131zl\u0131klara ra\u011fmen Manisa\u2019daki CHP\u2019li 14 belediyenin \u00e7ok b\u00fcy\u00fck i\u015fler yapmaya devam etti\u011fini s\u00f6yledi.<\/p>\n<p>&#8220;Se\u00e7imi kazan\u0131nca yine kibir yapmayaca\u011f\u0131z&#8221;<br \/>\n<br \/>Manisa\u2019daki durumun T\u00fcrkiye\u2019deki b\u00fct\u00fcn siyasete de yans\u0131mas\u0131n\u0131 temenni eden \u00d6zel, &#8220;Bundan sonraki s\u00fcre\u00e7lerde de nas\u0131l Manisa\u2019da y\u00fczde 6\u2019y\u0131 da ald\u0131k, y\u00fczde 60\u2019\u0131 da ald\u0131k. Bu parti T\u00fcrkiye\u2019de baraj alt\u0131nda da kalm\u0131\u015ft\u0131. Y\u00fczde 60\u2019la iktidara geldi\u011fini de hep birlikte ilk se\u00e7imlerde g\u00f6rece\u011fiz in\u015fallah. Se\u00e7imi kazan\u0131nca da yine kibir yapmayaca\u011f\u0131z. Bana diyorlar ki: \u201931 Mart se\u00e7imlerini kazand\u0131\u011f\u0131n\u0131z ak\u015fam yapt\u0131\u011f\u0131n\u0131z konu\u015fmay\u0131 ne ara yazd\u0131n\u0131z?\u2019 dedim ki hi\u00e7bir ara yazmad\u0131m. Aylar \u00f6ncesinden akl\u0131mdayd\u0131. \u00c7\u00fcnk\u00fc 5 sene \u00f6nce, 4 sene \u00f6nce Manisa\u2019da yerel se\u00e7imleri kazand\u0131\u011f\u0131m\u0131zda Turgutlu\u2019da ayn\u0131 konu\u015fmay\u0131 yapt\u0131m. Saruhanl\u0131\u2019da, Akhisar\u2019da, Ala\u015fehir\u2019de ayn\u0131 konu\u015fmay\u0131 yapt\u0131m. Bu bir zafer de\u011fil, g\u00f6rev dedik. Bu se\u00e7imin kaybedeni yok dedik. Biz kazanmad\u0131k. Manisa kazand\u0131. Kimse kaybetmedi dedik. Bundan sonra sessizce eve gidelim, kaybedenin halinden anlayal\u0131m. Be\u015fikta\u015f\u2019\u0131n Ba\u015fkan\u0131 S\u00fcleyman Seba gibi \u2019\u015fampiyonlu\u011fa y\u00fcksek sesle sevinmeyin yan odada kaybeden tak\u0131m var. Onu da d\u00fc\u015f\u00fcn\u00fcn\u2019 dedik. Buradan a\u00e7\u0131k\u00e7a kendi memleketimden ilan ederim ki Turgutlu ku\u015f u\u00e7u\u015fu anneannemin k\u00f6y\u00fcne 15 kilometredir. Kendi memleketimden ilan ederim ki Cumhuriyet Halk Partisi\u2019nin kazand\u0131\u011f\u0131 se\u00e7imin gecesi T\u00fcrkiye\u2019nin zaferi olacak. T\u00fcrkiye\u2019nin bayram\u0131 olacak. Kaybeden olmayacak. Kimse korkmayacak. O se\u00e7imi CHP kazand\u0131. \u015eimdi CHP\u2019nin d\u00f6nemi ba\u015flad\u0131 olmayacak. AK Parti\u2019li yoksulun da, MHP\u2019li i\u015fsizinin de, di\u011fer siyasi g\u00f6r\u00fc\u015flerden herkesin beklentilerinin hayata ge\u00e7ti\u011fi Cumhuriyet Halk Partisi\u2019nin buna en temel yerden m\u00fcdahale edece\u011fi, e\u015fitli\u011fi getirece\u011fi, zenginli\u011fi getirece\u011fi bir d\u00f6nem ba\u015flayacak. Bunun sevinci hep birlikte ya\u015fayaca\u011f\u0131z&#8221; \u015feklinde konu\u015ftu.<\/p>\n<p>&#8220;\u00dcz\u00fcm ve kiraza yap\u0131lan destekleme son derece yetersiz&#8221;<br \/>\n<br \/>Yap\u0131lan i\u015flerin yan\u0131nda Turgutlu\u2019nun bir beklentisi oldu\u011funu da vurgulayan \u00d6zel, &#8220;Tabii burada bu yapt\u0131klar\u0131m\u0131z\u0131n yan\u0131nda Turgutlu\u2019nun beklentisi var. A\u011f\u0131r bir don felaketi ya\u015fad\u0131k. Komisyon CHP\u2019nin gayretiyle kuruldu. Ama don zararlar\u0131 halen \u00f6denmedi. Eyl\u00fcl dediler, ekim dediler, kas\u0131m dediler. \u00dcmit ediyoruz daha da ileriye gitmez. Ama biz dikkatli bir \u015fekilde bu meseleyi takip ediyoruz. \u00dcz\u00fcme 5 bin, kiraza da 6 bin 500 lira dekar ba\u015f\u0131na yap\u0131lacak olan destekleme son derece yetersizdir. \u00d6yle bir noktaya geliyor ki, hani Basra harap olduktan sonra Badi Harab \u00fcl Basra demi\u015fler. B\u00f6yle bir durumda bu yang\u0131n\u0131 s\u00f6nd\u00fcrecek bir i\u015f de\u011fildir. H\u0131zl\u0131 \u015fekilde asl\u0131nda \u00f6nergemiz bizim milletvekillerimizi ayr\u0131 ayr\u0131 dile getirmi\u015flerdi. Turgutlu il\u00e7e ba\u015fkan\u0131m\u0131z\u0131n beklentisi idi. Mutlaka afet b\u00f6lgesi ilan edilelim. \u00c7ift\u00e7i bor\u00e7lar\u0131n\u0131n faizleri silinsin, ertelensin, TARS\u0130M\u2019le ilgili eksiklikler giderilsin. Ama bunlar\u0131n hi\u00e7birisi yap\u0131lmad\u0131. Maalesef bug\u00fcne kadar 100 liral\u0131k hazinedeki harcanan paran\u0131n 16 liras\u0131 faize giderken sadece 1 liras\u0131 \u00e7ift\u00e7iye gidebildi. D\u00fcnyan\u0131n en pahal\u0131 etini t\u00fcketen, d\u00fcnyan\u0131n en pahal\u0131 internetini kullanan bir \u00fclkede ya\u015f\u0131yoruz. Ve maalesef ne yaparsak yapal\u0131m \u00fclkeyi y\u00f6netenler \u00fclkede bu derin yoksullu\u011fa, bu i\u015fsizli\u011fe, bu enflasyona, bu hayat ba\u011fl\u0131l\u0131\u011f\u0131na \u00e7are bulmak yerine \u00fclkeyi gererek, tart\u0131\u015fmalar \u00e7\u0131kararak ve i\u00e7eride d\u0131\u015far\u0131da y\u00fcksek tansiyonla bir siyaset takip ederek \u00fclkenin ger\u00e7ek sorunlar\u0131n\u0131n konu\u015fulmas\u0131na engel olmaya \u00e7al\u0131\u015f\u0131yorlar&#8221; dedi.<\/p>\n<p>&#8220;Yeni bir vergi sistemi haz\u0131rlad\u0131k&#8221;<br \/>\n<br \/>\u00d6zellikle iki meseleyi son derece \u00f6nemsediklerinin alt\u0131n\u0131 \u00e7izen \u00d6zel, &#8220;Bir tanesi bu \u00fclkedeki insanlar\u0131n art\u0131k can\u0131 burnunda hayat \u00e7ok pahal\u0131. Emekli bu iktidardan \u00f6nce 8 \u00e7eyrek alt\u0131n alabilirken 2 \u00e7eyrek alt\u0131nla ge\u00e7inmeye \u00e7al\u0131\u015f\u0131yor. Asgari \u00fccretli 7 \u00e7eyrek alt\u0131n al\u0131rken \u015fimdi 3 \u00e7eyrek alt\u0131nla ge\u00e7inmeye \u00e7al\u0131\u015f\u0131yor. Memur maa\u015f\u0131 14,5 \u00e7eyrek alt\u0131ndan 5,5 \u00e7eyrek alt\u0131na d\u00fc\u015fm\u00fc\u015f durumda. Gen\u00e7lerimiz umutsuz, emeklimiz, emek\u00e7imiz mutsuz, \u00e7ift\u00e7i bor\u00e7 bata\u011f\u0131nda. Bu sorunlar\u0131n \u00e7\u00f6z\u00fclebilmesi i\u00e7in mutlaka temel yakla\u015f\u0131m\u0131 hep birlikte kazanma, hep birlikte kalk\u0131nma, adil b\u00f6l\u00fc\u015fme olan sosyal demokrat bir iktidara ihtiya\u00e7 var. \u00c7ift\u00e7inin de, esnaf\u0131n da, emeklinin de emek\u00e7inin de y\u00fcz\u00fcn\u00fc g\u00fcld\u00fcrmek i\u00e7in Cumhuriyet Halk Partisi olarak bu y\u00f6nde \u00e7ok g\u00fc\u00e7l\u00fc kalk\u0131nma aya\u011f\u0131 olan bir program haz\u0131rlad\u0131k. Yeni bir vergi sistemi haz\u0131rlad\u0131k. \u00c7ok kazanan\u0131n \u00e7ok, az kazanan\u0131n az, hi\u00e7 kazanmayan\u0131n hi\u00e7 vergi vermeyece\u011fi. Bug\u00fcn T\u00fcrkiye\u2019de vergiyi y\u00fczde 65\u2019i dolayl\u0131 vergi. Yani fabrikat\u00f6r de fabrikadaki i\u015f\u00e7i de ayn\u0131 vergiyi veriyor. Neye? Elektri\u011fe, suya, telefona, s\u00fcte, ekme\u011fe, ayakkab\u0131ya, her \u015feye. Verginin y\u00fczde 65\u2019i fabrikat\u00f6r ile kap\u0131daki i\u015f\u00e7iden e\u015fit al\u0131n\u0131yor. Y\u00fczde 22\u2019si 23\u2019\u00fc de maa\u015flardan kesiliyor. Hepinizin ald\u0131\u011f\u0131 maa\u015flardan, esas zenginler verginin y\u00fczde 11\u2019ini \u00f6d\u00fcyor. Bunun tam ters olmas\u0131 laz\u0131m. Cumhuriyet Halk Partisi ba\u015ftan a\u015fa\u011f\u0131ya vergi reformu yapaca\u011f\u0131 daha \u00e7ok kazanaca\u011f\u0131m\u0131z bir kalk\u0131nma program\u0131n\u0131n olaca\u011f\u0131 adilane payla\u015faca\u011f\u0131m\u0131z bir sistem getirerek herkesin y\u00fcz\u00fcn\u00fc g\u00fcld\u00fcrecek. Hepimizin y\u00fcz\u00fcn\u00fc g\u00fcld\u00fcrecek&#8221; dedi.<\/p>\n<p>&#8220;Trump\u2019tan isteyece\u011fimiz bir tek \u015fey \u0130srail Filistin\u2019deki katliam\u0131 durdursun olur&#8221;<br \/>\n<br \/>D\u0131\u015f politikaya de\u011finen \u00d6zel, &#8220;Ge\u00e7ti\u011fimiz g\u00fcnlerde ilan etmi\u015ftim. Filistin\u2019de bunca s\u0131k\u0131nt\u0131 varken Tayyip Erdo\u011fan Trump\u2019\u0131n o\u011flu Junior Trump\u2019la 13 Eyl\u00fcl Cumartesi g\u00fcn\u00fc g\u00f6r\u00fc\u015ft\u00fc diye. Asla buna cevap vermediler. Sustular. Bug\u00fcn gazeteciler bunu Amerika\u2019dan do\u011frulatm\u0131\u015f. Amerikan kaynaklar\u0131 ge\u00e7en cumartesi 17.30\u2019da Trump\u2019\u0131n o\u011fluyla g\u00f6r\u00fc\u015ft\u00fc\u011f\u00fcn\u00fc do\u011frulad\u0131lar. T\u00fcrkiye\u2019de yalanlayamam\u0131\u015f. \u0130\u015f adam\u0131 g\u00f6r\u00fc\u015fmesi yazm\u0131\u015f. Trump\u2019\u0131n ad\u0131n\u0131 yazmam\u0131\u015flar. Bir kere bunu niye yap\u0131yor? Filistin yanarken Filistin\u2019i yakt\u0131ran \u00f6rne\u011fin d\u00fcn Birle\u015fmi\u015f Milletler G\u00fcvenlik Konseyi\u2019nde 14\u2019e bir ile \u0130srail\u2019e kar\u015f\u0131 Filistin\u2019i destekleyen karar al\u0131nd\u0131. O karar\u0131 Trump veto etti. Bu Trump\u2019\u0131n o\u011fluyla gitmi\u015f, \u0130stanbul\u2019da gizli g\u00f6r\u00fc\u015fme yapm\u0131\u015f ve o g\u00f6r\u00fc\u015fmede Amerika\u2019daki seyahati s\u0131ras\u0131nda Trump\u2019tan randevu istemi\u015f. Trump\u2019\u0131n o\u011flu demi\u015f ki, &#8220;O g\u00fcnlerde olmaz, ay\u0131n 30\u2019unda olsun. Git bir hafta sonra gel. O bir hafta sonra olmaz, 8-9 Ekim\u2019de olsun.\u2019 Ama kar\u015f\u0131l\u0131\u011f\u0131nda bir \u015fey istiyorlar. Ya bizim bu Trump\u2019tan isteyece\u011fimiz bir tek \u015fey olabilir, bir tek \u015fey. \u0130srail Filistin\u2019deki katliam\u0131 durdursun. Buna y\u00fcz verme, buna yol verme. Mani ol buna. Bunu s\u00f6ylemek varken Trump\u2019la bu konuyu g\u00f6r\u00fc\u015fmeye gitmek varken bizimkinin hadi bak\u0131n nas\u0131l g\u00f6r\u00fc\u015fmeyi inkar edemediyse bunu da inkar edemez. Trump\u2019\u0131n o\u011fluna diyor ki \u2019Bana bir randevu ayarlarsan\u0131z. Trump\u2019la canl\u0131 yay\u0131nda b\u00fct\u00fcn d\u00fcnyan\u0131n g\u00f6z\u00fcn\u00fcn \u00f6n\u00fcnde Amerika\u2019dan 300 tane Boeing u\u00e7a\u011f\u0131 alman\u0131n sipari\u015fini s\u00f6z\u00fcn\u00fc veriyorum.\u2019 Bu \u015fartla g\u00f6r\u00fc\u015fme ayarlamaya \u00e7al\u0131\u015f\u0131yorlar. Filistin\u2019i yaln\u0131z b\u0131rakan, kendi iktidar\u0131 i\u00e7in Trump\u2019la anla\u015fan, Trump\u2019\u0131n icazetiyle 19 Mart darbesini yapan Tayyip Erdo\u011fan\u2019\u0131 k\u0131n\u0131yorum ve bir an \u00f6nce bu g\u00f6r\u00fc\u015fmeye a\u00e7\u0131kl\u0131k getirmeye davet ediyorum&#8221; \u015feklinde konu\u015ftu.<\/p>\n<p>&#8220;Bir tane ma\u011fdur b\u0131rakmayaca\u011f\u0131z&#8221;<br \/>\n<br \/>Manisa\u2019ya gelmeden \u00f6nce Alia\u011fa\u2019da oldu\u011funu hat\u0131rlatan \u00d6zel, &#8220;Bug\u00fcn yap\u0131lan savunmalar hi\u00e7bir su\u00e7lar\u0131n\u0131n, g\u00fcnahlar\u0131n\u0131n olmad\u0131\u011f\u0131n\u0131 ortaya koydu. Ama AK Parti medyas\u0131 s\u00fcrekli efendim kooperatiflerle evleri teslim etmediniz buradan dolay\u0131 su\u00e7lusunuz deyip sald\u0131r\u0131yor. Oysa Esenyurt\u2019ta 30 bin tane konut ma\u011fduru var. Her g\u00fcn mecliste kap\u0131 kap\u0131 geziyorlar. 2004\u2019te ba\u015flayan bu ma\u011fduriyeti 2004\u2019ten sonra 20 y\u0131ld\u0131r \u00e7\u00f6zmedi AK Parti. Fikirtepe\u2019de 2013\u2019ten beri y\u00fcr\u00fcyor proje. 12 y\u0131lda evlerin bir k\u0131sm\u0131 bitti daha ba\u015flamayanlar\u0131 var. TOK\u0130 ma\u011fdurlar\u0131 var. 100 bin ev projesi \u00fcst\u00fcne deprem geldi diye 100 bin eve para yat\u0131ranlar ma\u011fdur oldular. Depremden bir y\u0131l sonra t\u00fcm konutlar\u0131 teslim edece\u011fiz dediler. 2,5 y\u0131l ge\u00e7ti 3. y\u0131l geliyor. Daha konutlar\u0131n y\u00fczde 40\u2019\u0131 teslim edilmi\u015f, y\u00fczde 60\u2019\u0131 d\u0131\u015far\u0131da ma\u011fdur. Bir de Adalet ve Kalk\u0131nma Partisi CHP\u2019li belediyeyi kendi \u00e7\u0131kard\u0131\u011f\u0131 ekonomik krizde in\u015faat maliyetleri 10 kat art\u0131nca belediyenin m\u00fcteahhitler yapamad\u0131\u011f\u0131 i\u015fi belediye \u015firketleri \u00fcstlenip de y\u00fcklenmeye \u00e7al\u0131\u015ft\u0131\u011f\u0131 s\u00fcre\u00e7te bizleri su\u00e7luyorlar. Buradan ilan ediyorum \u0130zmir\u2019deki kooperatiflerin tamam\u0131n\u0131 \u0130zmir B\u00fcy\u00fck\u015fehir Belediyesi d\u00fcn yapt\u0131\u011f\u0131 protokollerle, iyi niyet protokolleriyle tamamlayacak, tamamlatt\u0131racak. Bir tane ma\u011fdur b\u0131rakmayaca\u011f\u0131z. Kimse bizi Adalet ve Kalk\u0131nma Partisi ile kar\u0131\u015ft\u0131rmas\u0131n&#8221; dedi.<\/p>\n<p>&#8220;Ahlaki \u00fcst\u00fcnl\u00fck de psikolojik \u00fcst\u00fcnl\u00fckte bizde&#8221;<br \/>\n<br \/>\u00d6zel konu\u015fmas\u0131n\u0131 \u015f\u00f6yle tamamlad\u0131: &#8220;Cumhuriyet Halk Partisi\u2019nin birlikte omuz omuza Manisa\u2019da ne i\u015fler yapt\u0131\u011f\u0131n\u0131, T\u00fcrkiye\u2019de ne b\u00fcy\u00fck bir ba\u015far\u0131 kazand\u0131\u011f\u0131n\u0131 g\u00f6rd\u00fck. Siz de hepiniz CHP\u2019nin nas\u0131l siyaset \u00fcretti\u011fini g\u00f6r\u00fcyorsunuz. 47 y\u0131l sonra 1. parti oldu. olduk. T\u00fcrkiye\u2019nin y\u00fczde 65\u2019ini ald\u0131k. \u0130ktidar\u0131n ezdi\u011fi yoksullar\u0131 bu \u00f6nemli projelerle sahip \u00e7\u0131k\u0131yoruz, \u00e7\u0131kmaya devam edece\u011fiz. AK Parti ise art\u0131k siyaset \u00fcretmiyor. Ahlaki \u00fcst\u00fcnl\u00fck bizde, psikolojik \u00fcst\u00fcnl\u00fck bizde. Haftada en az yapt\u0131\u011f\u0131m\u0131z iki mitingle herkes g\u00f6r\u00fcyor ki \u00e7o\u011funluk enerjisi bizde. Haftaya 24\u2019\u00fcnde \u0130stanbul \u0130l Kongresini yapaca\u011f\u0131z ve kayyum belas\u0131ndan kurtulaca\u011f\u0131z. Bu pazar partimizin kongresini, kurultay\u0131n\u0131 yapaca\u011f\u0131z. Parti \u00fczerinde yap\u0131lan ince hesaplar\u0131n hepsini bozduk. Bozmaya devam edece\u011fiz.&#8221;<br \/>\n<br \/>\u00d6zel konu\u015fmas\u0131n\u0131n ard\u0131ndan, Ankarag\u00fcc\u00fc y\u00f6netimi taraf\u0131ndan merhum Manisa B\u00fcy\u00fck\u015fehir Belediye Ba\u015fkan\u0131 Ferdi Zeyrek\u2019in e\u015fi ve \u00e7ocuklar\u0131 i\u00e7in imzal\u0131 olarak g\u00f6nderilen formalar\u0131 ve Ay\u015fe Kulin\u2019in imzalad\u0131\u011f\u0131 kitaplar\u0131 Nurcan Zeyrek\u2019e teslim etti. Programa kat\u0131lan protokol \u00fcyelerinin kurdele kesimi ile toplu a\u00e7\u0131l\u0131\u015flar ger\u00e7ekle\u015ftirildi.<br \/><\/p>\n","protected":false},"excerpt":{"rendered":"<p>CHP Genel Ba\u015fkan\u0131 \u00d6zg\u00fcr \u00d6zel, Manisa\u2019n\u0131n Turgutlu il\u00e7esinde belediye taraf\u0131ndan hayata ge\u00e7irilen yat\u0131r\u0131mlar\u0131n toplu a\u00e7\u0131l\u0131\u015f\u0131n\u0131 ger\u00e7ekle\u015ftirdi. CHP Genel Ba\u015fkan\u0131 \u00d6zg\u00fcr \u00d6zel memleketi Manisa\u2019n\u0131n Turgutlu il\u00e7esinde Turgutlu Belediyesinin kendi imkanlar\u0131yla yapt\u0131\u011f\u0131 Mimar Ferdi Zeyrek Spor Kompleksi, Ekrem G\u00fcrel K\u00fclt\u00fcr Merkezi ile Manisa B\u00fcy\u00fck\u015fehir Belediyesi i\u015f birli\u011fiyle hizmete sundu\u011fu Kent Lokantas\u0131, Halk Mand\u0131ra ve Halk Ekmek projelerinin&#8230;<\/p>\n","protected":false},"author":1,"featured_media":56092,"comment_status":"open","ping_status":"open","sticky":false,"template":"","format":"standard","meta":{"_crdt_document":"","footnotes":""},"categories":[127],"tags":[],"class_list":["post-56091","post","type-post","status-publish","format-standard","has-post-thumbnail","hentry","category-siyaset"],"_links":{"self":[{"href":"https:\/\/www.egemtv.com\/index.php?rest_route=\/wp\/v2\/posts\/56091","targetHints":{"allow":["GET"]}}],"collection":[{"href":"https:\/\/www.egemtv.com\/index.php?rest_route=\/wp\/v2\/posts"}],"about":[{"href":"https:\/\/www.egemtv.com\/index.php?rest_route=\/wp\/v2\/types\/post"}],"author":[{"embeddable":true,"href":"https:\/\/www.egemtv.com\/index.php?rest_route=\/wp\/v2\/users\/1"}],"replies":[{"embeddable":true,"href":"https:\/\/www.egemtv.com\/index.php?rest_route=%2Fwp%2Fv2%2Fcomments&post=56091"}],"version-history":[{"count":1,"href":"https:\/\/www.egemtv.com\/index.php?rest_route=\/wp\/v2\/posts\/56091\/revisions"}],"predecessor-version":[{"id":56093,"href":"https:\/\/www.egemtv.com\/index.php?rest_route=\/wp\/v2\/posts\/56091\/revisions\/56093"}],"wp:featuredmedia":[{"embeddable":true,"href":"https:\/\/www.egemtv.com\/index.php?rest_route=\/wp\/v2\/media\/56092"}],"wp:attachment":[{"href":"https:\/\/www.egemtv.com\/index.php?rest_route=%2Fwp%2Fv2%2Fmedia&parent=56091"}],"wp:term":[{"taxonomy":"category","embeddable":true,"href":"https:\/\/www.egemtv.com\/index.php?rest_route=%2Fwp%2Fv2%2Fcategories&post=56091"},{"taxonomy":"post_tag","embeddable":true,"href":"https:\/\/www.egemtv.com\/index.php?rest_route=%2Fwp%2Fv2%2Ftags&post=56091"}],"curies":[{"name":"wp","href":"https:\/\/api.w.org\/{rel}","templated":true}]}}