{"id":56088,"date":"2025-09-19T21:36:47","date_gmt":"2025-09-19T18:36:47","guid":{"rendered":"https:\/\/www.egemtv.com\/?p=56088"},"modified":"2025-09-19T21:36:48","modified_gmt":"2025-09-19T18:36:48","slug":"trendyol-super-lig-goztepe-2-besiktas-0-ilk-yari","status":"publish","type":"post","link":"https:\/\/www.egemtv.com\/?p=56088","title":{"rendered":"Trendyol S\u00fcper Lig: G\u00f6ztepe: 2 &#8211; Be\u015fikta\u015f: 0 (\u0130lk yar\u0131)"},"content":{"rendered":"<p>Trendyol S\u00fcper Lig\u2019in 6. haftas\u0131nda G\u00f6ztepe, sahas\u0131nda Be\u015fikta\u015f ile kar\u015f\u0131 kar\u015f\u0131ya geliyor. M\u00fcsabakan\u0131n ilk yar\u0131s\u0131 sar\u0131-k\u0131rm\u0131z\u0131l\u0131lar\u0131n 2-0\u2019l\u0131k \u00fcst\u00fcnl\u00fc\u011f\u00fcyle tamamland\u0131.<\/p>\n<p>Ma\u00e7tan dakikalar (\u0130lk yar\u0131)<br \/>\n<br \/>4. dakikada ceza sahas\u0131nda ya\u015fanan karambolde  Heliton\u2019un dokunu\u015fuyla top kale alan\u0131na y\u00f6neldi. Pozisyonu iyi takip eden Juan, sa\u011f aya\u011f\u0131n\u0131n ucuyla yapt\u0131\u011f\u0131 vuru\u015fla me\u015fin yuvarla\u011f\u0131 Mert\u2019in solundan a\u011flara g\u00f6nderdi. 1-0<br \/>\n<br \/>19. dakikada sol kanattan geli\u015fen atakta Janderson, rakiplerini \u00e7al\u0131mlayarak ceza sahas\u0131na girdi ve son \u00e7izgiden topu kale sahas\u0131na \u00e7evirdi. Arda Okan\u2019\u0131n topuk pas\u0131yla arka dire\u011fe y\u00f6nelen me\u015fin yuvarla\u011f\u0131 Rhaldney bo\u015f kaleye g\u00f6nderdi. 2-0<br \/>\n<br \/>22. dakikada Olaitan, sol kanattan yapt\u0131\u011f\u0131 \u00e7al\u0131mlarla ceza sahas\u0131na girip son \u00e7izgiden kale sahas\u0131na ortalad\u0131. Kaleci Mert\u2019ten seken topa Janderson sert vurdu ancak me\u015fin yuvarlak \u00fcstten auta \u00e7\u0131kt\u0131.<br \/>\n<br \/>37. dakikada sol kanattan geli\u015fen atakta Jurasek\u2019in kale sahas\u0131na \u00e7evirdi\u011fi topu, Abraham\u2019dan \u00f6nce araya giren Heliton kornere \u00e7eldi.<br \/>\n<br \/>42. dakikada sol kanattan geli\u015fen atakta Janderson, G\u00f6khan\u2019\u0131 ge\u00e7ip son \u00e7izgiye kadar indi ve penalt\u0131 noktas\u0131na yerden pas\u0131n\u0131 \u00e7\u0131kard\u0131. Juan\u2019\u0131n sa\u011f aya\u011f\u0131yla yapt\u0131\u011f\u0131 vuru\u015fta top az farkla yandan auta gitti.<\/p>\n<p>Stat: G\u00fcrsel Aksel<br \/>\n<br \/>Hakemler: Mehmet T\u00fcrkmen, Ceyhun Sesig\u00fczel, Hakan Yemi\u015fken<br \/>\n<br \/>G\u00f6ztepe: Mateusz Lis, Allan, Heliton, Malcom Bokele, Arda Okan Kurtulan, Rhaldney, Anthony Dennis, Cherni, Junior Olaitan, Juan, Janderson<br \/>\n<br \/>Yedekler: Ekrem K\u0131l\u0131\u00e7arslan, Taha Alt\u0131karde\u015f, \u0130smail K\u00f6yba\u015f\u0131, Ruan, U\u011fur Kaan Y\u0131ld\u0131z, Furkan Bay\u0131r, Ahmed Ild\u0131z, Efkan Bekiro\u011flu, Novatus Miroshi, Ibrahim Sabra<br \/>\n<br \/>Teknik Direkt\u00f6r: Stanimir Stoilov<br \/>\n<br \/>Be\u015fikta\u015f: Mert G\u00fcnok, G\u00f6khan Sazda\u011f\u0131, Gabriel Paulista, Felix Uduokhai, David Jurasek, Necip Uysal, Demir Ege T\u0131knaz, Vaclav Cerny, Rafa Silva, El Bilal Toure, Tammy Abraham<br \/>\n<br \/>Yedekler: Ersin Destano\u011flu, Emre Bilgin, R\u0131dvan Y\u0131lmaz, Tiago Djalo, Emirhan Top\u00e7u, Kartal Y\u0131lmaz, Taylan Bulut, Devrim \u015eahin, Cengiz \u00dcnder, Jota Silva<br \/>\n<br \/>Teknik Direkt\u00f6r: Sergen Yal\u00e7\u0131n<br \/>\n<br \/>Goller: Juan (dk. 4), Rhaldney (dk. 19) (G\u00f6ztepe)<br \/>\n<br \/>Sar\u0131 kartlar: Arda Okan Kurtulan, Junior Olaitan (G\u00f6ztepe)<br \/><\/p>\n","protected":false},"excerpt":{"rendered":"<p>Trendyol S\u00fcper Lig\u2019in 6. haftas\u0131nda G\u00f6ztepe, sahas\u0131nda Be\u015fikta\u015f ile kar\u015f\u0131 kar\u015f\u0131ya geliyor. M\u00fcsabakan\u0131n ilk yar\u0131s\u0131 sar\u0131-k\u0131rm\u0131z\u0131l\u0131lar\u0131n 2-0\u2019l\u0131k \u00fcst\u00fcnl\u00fc\u011f\u00fcyle tamamland\u0131. Ma\u00e7tan dakikalar (\u0130lk yar\u0131) 4. dakikada ceza sahas\u0131nda ya\u015fanan karambolde Heliton\u2019un dokunu\u015fuyla top kale alan\u0131na y\u00f6neldi. Pozisyonu iyi takip eden Juan, sa\u011f aya\u011f\u0131n\u0131n ucuyla yapt\u0131\u011f\u0131 vuru\u015fla me\u015fin yuvarla\u011f\u0131 Mert\u2019in solundan a\u011flara g\u00f6nderdi. 1-0 19. dakikada sol&#8230;<\/p>\n","protected":false},"author":1,"featured_media":56089,"comment_status":"open","ping_status":"open","sticky":false,"template":"","format":"standard","meta":{"_crdt_document":"","footnotes":""},"categories":[4],"tags":[],"class_list":["post-56088","post","type-post","status-publish","format-standard","has-post-thumbnail","hentry","category-spor"],"_links":{"self":[{"href":"https:\/\/www.egemtv.com\/index.php?rest_route=\/wp\/v2\/posts\/56088","targetHints":{"allow":["GET"]}}],"collection":[{"href":"https:\/\/www.egemtv.com\/index.php?rest_route=\/wp\/v2\/posts"}],"about":[{"href":"https:\/\/www.egemtv.com\/index.php?rest_route=\/wp\/v2\/types\/post"}],"author":[{"embeddable":true,"href":"https:\/\/www.egemtv.com\/index.php?rest_route=\/wp\/v2\/users\/1"}],"replies":[{"embeddable":true,"href":"https:\/\/www.egemtv.com\/index.php?rest_route=%2Fwp%2Fv2%2Fcomments&post=56088"}],"version-history":[{"count":1,"href":"https:\/\/www.egemtv.com\/index.php?rest_route=\/wp\/v2\/posts\/56088\/revisions"}],"predecessor-version":[{"id":56090,"href":"https:\/\/www.egemtv.com\/index.php?rest_route=\/wp\/v2\/posts\/56088\/revisions\/56090"}],"wp:featuredmedia":[{"embeddable":true,"href":"https:\/\/www.egemtv.com\/index.php?rest_route=\/wp\/v2\/media\/56089"}],"wp:attachment":[{"href":"https:\/\/www.egemtv.com\/index.php?rest_route=%2Fwp%2Fv2%2Fmedia&parent=56088"}],"wp:term":[{"taxonomy":"category","embeddable":true,"href":"https:\/\/www.egemtv.com\/index.php?rest_route=%2Fwp%2Fv2%2Fcategories&post=56088"},{"taxonomy":"post_tag","embeddable":true,"href":"https:\/\/www.egemtv.com\/index.php?rest_route=%2Fwp%2Fv2%2Ftags&post=56088"}],"curies":[{"name":"wp","href":"https:\/\/api.w.org\/{rel}","templated":true}]}}