{"id":56085,"date":"2025-09-19T21:36:46","date_gmt":"2025-09-19T18:36:46","guid":{"rendered":"https:\/\/www.egemtv.com\/?p=56085"},"modified":"2025-09-19T21:36:47","modified_gmt":"2025-09-19T18:36:47","slug":"koycegiz-yangininda-21-saat-geride-kaldi","status":"publish","type":"post","link":"https:\/\/www.egemtv.com\/?p=56085","title":{"rendered":"K\u00f6yce\u011fiz yang\u0131n\u0131nda 21 saat geride kald\u0131"},"content":{"rendered":"<p>K\u00f6yce\u011fiz Akk\u00f6pr\u00fc yang\u0131n\u0131 s\u00f6nd\u00fcrme \u00e7al\u0131\u015fmalar\u0131 g\u00fcn boyu yo\u011fun bir \u015fekilde devam etti. \u015eiddetli r\u00fczgar neredeyse g\u00fcn boyu etkili oldu. Hava ara\u00e7lar\u0131n\u0131n m\u00fcdahalesi \u015fiddetli r\u00fczgar nedeniyle zaman zaman sekteye u\u011frad\u0131.<br \/>\n<br \/>Yang\u0131n s\u00f6nd\u00fcrme ekiplerimizle birlikte, orman g\u00f6n\u00fcll\u00fcleri, Mu\u011fla B\u00fcy\u00fck\u015fehir Belediyesi itfaiye ekipleri,  Emniyet ve Jandarma Toma ekipleri zor arazi ve hava \u015fartlar\u0131nda alevlere kar\u015f\u0131 birlikte omuz omuza m\u00fccadele etti.<br \/>\n<br \/>Ak\u015fam saatlerinde r\u00fczgar\u0131n \u015fiddetini biraz azaltmas\u0131yla hava ekipleri s\u00f6nd\u00fcrme \u00e7al\u0131\u015fmalar\u0131na tam kapasite katk\u0131 verdi. Havan\u0131n kararmas\u0131ndan sonra hava m\u00fcdahalesine ara verilirken, yer ekipleri karadan s\u00f6nd\u00fcrme \u00e7al\u0131\u015fmalar\u0131n\u0131 aral\u0131ks\u0131z olarak s\u00fcrd\u00fcrecek.<br \/>\n<br \/>Yang\u0131na, 10 u\u00e7ak, 12 helikopter, 166 kara arac\u0131, 506 personel m\u00fcdahale ediyor.<br \/><\/p>\n","protected":false},"excerpt":{"rendered":"<p>K\u00f6yce\u011fiz Akk\u00f6pr\u00fc yang\u0131n\u0131 s\u00f6nd\u00fcrme \u00e7al\u0131\u015fmalar\u0131 g\u00fcn boyu yo\u011fun bir \u015fekilde devam etti. \u015eiddetli r\u00fczgar neredeyse g\u00fcn boyu etkili oldu. Hava ara\u00e7lar\u0131n\u0131n m\u00fcdahalesi \u015fiddetli r\u00fczgar nedeniyle zaman zaman sekteye u\u011frad\u0131. Yang\u0131n s\u00f6nd\u00fcrme ekiplerimizle birlikte, orman g\u00f6n\u00fcll\u00fcleri, Mu\u011fla B\u00fcy\u00fck\u015fehir Belediyesi itfaiye ekipleri, Emniyet ve Jandarma Toma ekipleri zor arazi ve hava \u015fartlar\u0131nda alevlere kar\u015f\u0131 birlikte omuz omuza&#8230;<\/p>\n","protected":false},"author":1,"featured_media":56086,"comment_status":"open","ping_status":"open","sticky":false,"template":"","format":"standard","meta":{"_crdt_document":"","footnotes":""},"categories":[5],"tags":[],"class_list":["post-56085","post","type-post","status-publish","format-standard","has-post-thumbnail","hentry","category-asayis"],"_links":{"self":[{"href":"https:\/\/www.egemtv.com\/index.php?rest_route=\/wp\/v2\/posts\/56085","targetHints":{"allow":["GET"]}}],"collection":[{"href":"https:\/\/www.egemtv.com\/index.php?rest_route=\/wp\/v2\/posts"}],"about":[{"href":"https:\/\/www.egemtv.com\/index.php?rest_route=\/wp\/v2\/types\/post"}],"author":[{"embeddable":true,"href":"https:\/\/www.egemtv.com\/index.php?rest_route=\/wp\/v2\/users\/1"}],"replies":[{"embeddable":true,"href":"https:\/\/www.egemtv.com\/index.php?rest_route=%2Fwp%2Fv2%2Fcomments&post=56085"}],"version-history":[{"count":1,"href":"https:\/\/www.egemtv.com\/index.php?rest_route=\/wp\/v2\/posts\/56085\/revisions"}],"predecessor-version":[{"id":56087,"href":"https:\/\/www.egemtv.com\/index.php?rest_route=\/wp\/v2\/posts\/56085\/revisions\/56087"}],"wp:featuredmedia":[{"embeddable":true,"href":"https:\/\/www.egemtv.com\/index.php?rest_route=\/wp\/v2\/media\/56086"}],"wp:attachment":[{"href":"https:\/\/www.egemtv.com\/index.php?rest_route=%2Fwp%2Fv2%2Fmedia&parent=56085"}],"wp:term":[{"taxonomy":"category","embeddable":true,"href":"https:\/\/www.egemtv.com\/index.php?rest_route=%2Fwp%2Fv2%2Fcategories&post=56085"},{"taxonomy":"post_tag","embeddable":true,"href":"https:\/\/www.egemtv.com\/index.php?rest_route=%2Fwp%2Fv2%2Ftags&post=56085"}],"curies":[{"name":"wp","href":"https:\/\/api.w.org\/{rel}","templated":true}]}}