{"id":56082,"date":"2025-09-19T21:14:42","date_gmt":"2025-09-19T18:14:42","guid":{"rendered":"https:\/\/www.egemtv.com\/?p=56082"},"modified":"2025-09-19T21:14:42","modified_gmt":"2025-09-19T18:14:42","slug":"cesmede-gaziler-gunu-torenle-kutlandi","status":"publish","type":"post","link":"https:\/\/www.egemtv.com\/?p=56082","title":{"rendered":"\u00c7e\u015fme\u2019de &#8220;Gaziler G\u00fcn\u00fc&#8221; t\u00f6renle kutland\u0131"},"content":{"rendered":"<p>\u0130zmir\u2019in \u00c7e\u015fme il\u00e7esinde &#8220;Gaziler G\u00fcn\u00fc&#8221; d\u00fczenlenen t\u00f6renlerle kutland\u0131.<br \/>\n<br \/>Cumhuriyet Meydan\u0131\u2019nda d\u00fczenlenen t\u00f6rene; \u00c7e\u015fme Kaymakam\u0131 Mehmet Mara\u015fl\u0131, Garnizon Komutan\u0131 \u0130stihk\u00e2m Albay Erol Da\u011fdeviren, Belediye Ba\u015fkan\u0131 L\u00e2l Denizli, Cumhuriyet Ba\u015fsavc\u0131 Vekili \u015eahin \u015eevli, resmi kurum amirleri, siyasi parti ve sivil toplum kurulu\u015fu temsilcileri, mahalle muhtarlar\u0131, gaziler ve \u00e7ok say\u0131da vatanda\u015f kat\u0131ld\u0131. Sunuculu\u011funu Deniz \u00d6nol\u2019un yapt\u0131\u011f\u0131 t\u00f6rende; \u00c7e\u015fme Kaymakaml\u0131\u011f\u0131, \u00c7e\u015fme Belediyesi, siyasi partiler ve STK\u2019lar Atat\u00fcrk An\u0131t\u0131\u2019na \u00e7elenk sundu. Ard\u0131ndan sayg\u0131 duru\u015funda bulunuldu ve \u0130stiklal Mar\u015f\u0131 okundu. Kaymakam Mara\u015fl\u0131, \u015eeref Defteri\u2019ni imzalad\u0131.<br \/>\n<br \/>\u00c7e\u015fme Kaymakam\u0131 Mehmet Mara\u015fl\u0131, \u015feref defterine \u015fu ifadeleri yazd\u0131:<br \/>\n<br \/>&#8220;Aziz ve kahraman gazilerimiz,<br \/>\n<br \/>\u015eanl\u0131 tarihimiz boyunca ba\u011f\u0131ms\u0131zl\u0131k ve istiklal u\u011fruna aziz vatan\u0131m\u0131z\u0131 can\u0131 pahas\u0131na koruyan ecdad\u0131m\u0131z, \u2018\u00d6l\u00fcrsem \u015fehit, kal\u0131rsam gazi\u2019 anlay\u0131\u015f\u0131yla girdikleri her m\u00fccadeleden zaferle \u00e7\u0131km\u0131\u015ft\u0131r.T\u00fcrkiye B\u00fcy\u00fck Millet Meclisi taraf\u0131ndan 19 Eyl\u00fcl 1921\u2019de Mustafa Kemal Atat\u00fcrk\u2019e Gazi \u00fcnvan\u0131 verildi\u011fi g\u00fcn\u00fcn y\u0131ld\u00f6n\u00fcm\u00fcn\u00fc, bug\u00fcn Gaziler G\u00fcn\u00fc olarak kutlamaktay\u0131z. \u00dclkemizin her kar\u0131\u015f topra\u011f\u0131nda vatan\u0131n\u0131, bayra\u011f\u0131n\u0131 ve kutsal de\u011ferlerini korumak i\u00e7in en zor \u015fartlarda canlar\u0131n\u0131 ortaya koymaktan \u00e7ekinmeyen gazilerimiz; milletimizin medar-\u0131 iftihar\u0131d\u0131r. Bug\u00fcn \u00fczerinde huzur ve karde\u015flik i\u00e7inde ya\u015fad\u0131\u011f\u0131m\u0131z bu topraklar, \u015fehitlerimiz ve gazilerimizin bizlere emanetidir. Bu mukaddes emaneti korumak ve gelecek nesillere gurur duyacaklar\u0131 bir T\u00fcrkiye b\u0131rakmak, en \u00f6nemli vefa borcumuzdur. Ba\u015fta Gazi Mustafa Kemal Atat\u00fcrk ve silah arkada\u015flar\u0131 olmak \u00fczere t\u00fcm aziz \u015fehitlerimizi ve ebediyete intikal eden gazilerimizi rahmetle; hayatta olan gazilerimizi minnet ve \u015f\u00fckranla an\u0131yor, Gaziler G\u00fcn\u00fc\u2019n\u00fcz\u00fc kutluyorum.&#8221;<\/p>\n<p>&#8220;Gazilik, milletin \u00f6zg\u00fcrl\u00fc\u011fe adanm\u0131\u015f hayatlar\u0131n\u0131n simgesidir&#8221;<br \/>\n<br \/>T\u00f6rende s\u00f6z alan Gazi Sertan Dal, gazili\u011fin yaln\u0131zca bir unvan de\u011fil, milletin ba\u011f\u0131ms\u0131zl\u0131k u\u011fruna verdi\u011fi m\u00fccadelenin en g\u00fc\u00e7l\u00fc simgesi oldu\u011funu vurgulad\u0131. Dal, &#8220;D\u00fcn \u00c7anakkale\u2019de, Sakarya\u2019da, Dumlup\u0131nar\u2019da ve K\u0131br\u0131s\u2019ta omuz omuza m\u00fccadele eden milletimiz, bug\u00fcn de ter\u00f6rle m\u00fccadelede ayn\u0131 kararl\u0131l\u0131kla ayaktad\u0131r. Gaziler, ay y\u0131ld\u0131zl\u0131 bayra\u011f\u0131n dalgalanmas\u0131n\u0131n ya\u015fayan simgesi ve milletin birlik ruhunun en canl\u0131 \u00f6rnekleridir. \u00d6nemli olan, ay y\u0131ld\u0131zl\u0131 bayra\u011f\u0131m\u0131z\u0131n semalarda \u00f6zg\u00fcrce dalgalanmas\u0131d\u0131r. \u00c7\u00fcnk\u00fc biliyoruz ki d\u00fc\u015fen bayrak, d\u00fc\u015fen vatan demektir. Ancak bu aziz millet bayra\u011f\u0131n\u0131 yere d\u00fc\u015f\u00fcrmemi\u015ftir, d\u00fc\u015f\u00fcrmeyecektir&#8221; dedi.<\/p>\n<p>Ba\u015fkan Denizli gazilerin elini \u00f6pt\u00fc<br \/>\n<br \/>T\u00f6ren, 16 Eyl\u00fcl \u00d6yk\u00fc Ya\u011fmur Serter taraf\u0131ndan okunan \u015fiirle devam etti. Program, gaziler ve protokol \u00fcyelerinin toplu hat\u0131ra foto\u011fraf\u0131 \u00e7ekilmesiyle sona erdi. T\u00f6renin ard\u0131ndan \u00c7e\u015fme Belediye Ba\u015fkan\u0131 Lal Denizli, t\u00f6rene kat\u0131lan gazilerin ellerini tek tek \u00f6perek bir s\u00fcre sohbet etti. T\u00f6ren, \u00c7e\u015fme Belediyesi\u2019nin yapt\u0131\u011f\u0131 ikramlarla sona erdi.<br \/><\/p>\n","protected":false},"excerpt":{"rendered":"<p>\u0130zmir\u2019in \u00c7e\u015fme il\u00e7esinde &#8220;Gaziler G\u00fcn\u00fc&#8221; d\u00fczenlenen t\u00f6renlerle kutland\u0131. Cumhuriyet Meydan\u0131\u2019nda d\u00fczenlenen t\u00f6rene; \u00c7e\u015fme Kaymakam\u0131 Mehmet Mara\u015fl\u0131, Garnizon Komutan\u0131 \u0130stihk\u00e2m Albay Erol Da\u011fdeviren, Belediye Ba\u015fkan\u0131 L\u00e2l Denizli, Cumhuriyet Ba\u015fsavc\u0131 Vekili \u015eahin \u015eevli, resmi kurum amirleri, siyasi parti ve sivil toplum kurulu\u015fu temsilcileri, mahalle muhtarlar\u0131, gaziler ve \u00e7ok say\u0131da vatanda\u015f kat\u0131ld\u0131. Sunuculu\u011funu Deniz \u00d6nol\u2019un yapt\u0131\u011f\u0131 t\u00f6rende; \u00c7e\u015fme&#8230;<\/p>\n","protected":false},"author":1,"featured_media":56083,"comment_status":"open","ping_status":"open","sticky":false,"template":"","format":"standard","meta":{"_crdt_document":"","footnotes":""},"categories":[1],"tags":[],"class_list":["post-56082","post","type-post","status-publish","format-standard","has-post-thumbnail","hentry","category-guncel"],"_links":{"self":[{"href":"https:\/\/www.egemtv.com\/index.php?rest_route=\/wp\/v2\/posts\/56082","targetHints":{"allow":["GET"]}}],"collection":[{"href":"https:\/\/www.egemtv.com\/index.php?rest_route=\/wp\/v2\/posts"}],"about":[{"href":"https:\/\/www.egemtv.com\/index.php?rest_route=\/wp\/v2\/types\/post"}],"author":[{"embeddable":true,"href":"https:\/\/www.egemtv.com\/index.php?rest_route=\/wp\/v2\/users\/1"}],"replies":[{"embeddable":true,"href":"https:\/\/www.egemtv.com\/index.php?rest_route=%2Fwp%2Fv2%2Fcomments&post=56082"}],"version-history":[{"count":1,"href":"https:\/\/www.egemtv.com\/index.php?rest_route=\/wp\/v2\/posts\/56082\/revisions"}],"predecessor-version":[{"id":56084,"href":"https:\/\/www.egemtv.com\/index.php?rest_route=\/wp\/v2\/posts\/56082\/revisions\/56084"}],"wp:featuredmedia":[{"embeddable":true,"href":"https:\/\/www.egemtv.com\/index.php?rest_route=\/wp\/v2\/media\/56083"}],"wp:attachment":[{"href":"https:\/\/www.egemtv.com\/index.php?rest_route=%2Fwp%2Fv2%2Fmedia&parent=56082"}],"wp:term":[{"taxonomy":"category","embeddable":true,"href":"https:\/\/www.egemtv.com\/index.php?rest_route=%2Fwp%2Fv2%2Fcategories&post=56082"},{"taxonomy":"post_tag","embeddable":true,"href":"https:\/\/www.egemtv.com\/index.php?rest_route=%2Fwp%2Fv2%2Ftags&post=56082"}],"curies":[{"name":"wp","href":"https:\/\/api.w.org\/{rel}","templated":true}]}}