{"id":55962,"date":"2025-09-19T13:15:17","date_gmt":"2025-09-19T10:15:17","guid":{"rendered":"https:\/\/www.egemtv.com\/?p=55962"},"modified":"2025-09-19T13:15:18","modified_gmt":"2025-09-19T10:15:18","slug":"fethiyede-gaziler-gunu-kutlandi","status":"publish","type":"post","link":"https:\/\/www.egemtv.com\/?p=55962","title":{"rendered":"Fethiye\u2019de Gaziler G\u00fcn\u00fc kutland\u0131"},"content":{"rendered":"<p>19 Eyl\u00fcl Gaziler G\u00fcn\u00fc, t\u00fcm T\u00fcrkiye\u2019de oldu\u011fu gibi Fethiye\u2019de de t\u00f6renle kutland\u0131. T\u00f6rende konu\u015fan Fethiye Muharip Gaziler Ve \u015eehit Aileleri Yard\u0131mla\u015fma Ve Dayan\u0131\u015fma Derne\u011fi Ba\u015fkan\u0131 Mahmut Topal, &#8220;\u00dczerinde ya\u015fad\u0131\u011f\u0131m\u0131z topraklar\u0131n bir vatana d\u00f6n\u00fc\u015fmesi ve bekas\u0131n\u0131n sa\u011flanmas\u0131 bayra\u011f\u0131m\u0131z\u0131n \u00f6zg\u00fcrce dalgalanmas\u0131 \u015fehitlerimizin ve gazilerimizin kahramanl\u0131k ve fedakarl\u0131\u011f\u0131 sayesindedir&#8221; dedi.<\/p>\n<p>Fethiye Be\u015fkaza Meydan\u0131 Atat\u00fcrk An\u0131t\u0131 \u00f6n\u00fcndeki 19 Eyl\u00fcl Gaziler G\u00fcn\u00fc kutlama t\u00f6renine Fethiye Kaymakam\u0131 Fatih Akkaya, Garnizon Komutan\u0131 Dalaman \u00dcs Deniz Komutan Vekili Yarbay Onur G\u00fclay, Cumhuriyet Ba\u015fsavc\u0131 Vekili U\u011fur Ba\u015f, Fethiye Muharip Gaziler Ve \u015eehit Aileleri Yard\u0131mla\u015fma Ve Dayan\u0131\u015fma Derne\u011fi Ba\u015fkan\u0131 Mahmut Topal, Fethiye \u0130l\u00e7e Emniyet M\u00fcd\u00fcr\u00fc Salih Murat Kara, \u0130l\u00e7e Jandarma Komutan\u0131 Ya\u015far Do\u011fu, Sahil G\u00fcvenlik Komutan\u0131 Burak Akanp\u0131nar, kurum m\u00fcd\u00fcrleri, siyasi parti il\u00e7e ba\u015fkan temsilcileri, sivil toplum kurulu\u015flar\u0131 ba\u015fkan ve temsilcileri, \u00f6\u011frenciler ve vatanda\u015flar kat\u0131ld\u0131.<\/p>\n<p>T\u00f6rende Fethiye Kaymakam\u0131 Fatih Akkaya, Garnizon Komutan\u0131 Dalaman \u00dcs Deniz Komutan Vekili Yarbay Onur G\u00fclay, Belediye Ba\u015fkan\u0131 Alim Karaca ve Fethiye Muharip Gaziler Ve \u015eehit Aileleri Yard\u0131mla\u015fma Ve Dayan\u0131\u015fma Derne\u011fi Ba\u015fkan\u0131 Mahmut Topal Atat\u00fcrk An\u0131t\u0131\u2019na \u00e7elenk sundular. Ard\u0131ndan sayg\u0131 duru\u015funda bulunulup, \u0130stiklal Mar\u015f\u0131 s\u00f6ylendi.<\/p>\n<p>T\u00f6rende Fethiye Muharip Gaziler ve \u015eehit Aileleri Yard\u0131mla\u015fma ve Dayan\u0131\u015fma Derne\u011fi Ba\u015fkan\u0131 Mahmut Topal g\u00fcn\u00fcn anlam ve \u00f6nemini belirten konu\u015fmas\u0131nda &#8220;19 Eyl\u00fcl 1921 tarihinde T\u00fcrkiye B\u00fcy\u00fck Millet Meclisi taraf\u0131ndan \u2018Gazilik\u2019 unvan\u0131 verilen Mustafa Kemal Atat\u00fcrk ve t\u00fcm kurucu kahramanlarla birlikte bu co\u011frafyada var olabilmemiz i\u00e7in hayatlar\u0131ndan seve seve vazge\u00e7en aziz \u015fehitlerimize ve aram\u0131zdan ayr\u0131lan t\u00fcm gazilerimize Allah\u2019tan rahmet diliyorum. \u015eehit ve gazi topra\u011f\u0131 vatan, insan\u0131 ulus yapan de\u011ferlerdir. Vatan savunmas\u0131nda \u015fehit ve gazi olmak kadar g\u00fczel bir \u015fey olamaz. \u015eehit nurlanm\u0131\u015f gazi onurlanm\u0131\u015f askerdir. Bug\u00fcn de aziz vatan\u0131n b\u00f6l\u00fcnme b\u00fct\u00fcnl\u00fc\u011f\u00fcne sald\u0131ranlara kar\u015f\u0131 can\u0131m\u0131z vermeye haz\u0131r\u0131z.  Bu anlaml\u0131 g\u00fcn Kurtulu\u015f Sava\u015f\u0131\u2019nda, 1950 Kore\u2019de, 1974 K\u0131br\u0131s\u2019ta sava\u015fan muharip gaziler ile T\u00fcrkiye Cumhuriyeti\u2019nin toprak b\u00fct\u00fcnl\u00fc\u011f\u00fc urunda vatan hainlerine kar\u015f\u0131 kahramanca m\u00fccadele eden asker, polis, g\u00fcvenlik korucusu, kahraman gaziler, en b\u00fcy\u00fck Gazi Mustafa Kemal Atat\u00fcrk\u2019\u00fcn ya\u015fayan birer temsilcileridir&#8221; dedi.<\/p>\n<p>Topal, &#8220;\u00dczerinde ya\u015fad\u0131\u011f\u0131m\u0131z topraklar\u0131n bir vatana d\u00f6n\u00fc\u015fmesi ve bekas\u0131n\u0131n sa\u011flanmas\u0131 bayra\u011f\u0131m\u0131z\u0131n \u00f6zg\u00fcrce dalgalanmas\u0131 \u015fehitlerimizin ve gazilerimizin kahramanl\u0131k ve fedak\u00e2rl\u0131\u011f\u0131 sayesindedir. Bu kahramanl\u0131k ve fedakarl\u0131\u011f\u0131n \u015fifresi \u00f6l\u00fcrsem \u015fehit kal\u0131rsam gazi anlay\u0131\u015f\u0131d\u0131r. Bayraklar\u0131 bayrak yapan \u00fcst\u00fcndeki kand\u0131r. \u2018Toprak e\u011fer u\u011frunda \u00f6len varsa vatand\u0131r\u2019 diyerek h\u00fcrriyet, istiklal ve vatan yolunda canlar\u0131n\u0131 severek veren \u015fehitlerimizle g\u00f6\u011fs\u00fcn\u00fc d\u00fc\u015fman kur\u015fununa siper eden kahraman gazilerimiz sizleri bu millet hi\u00e7 unutmayacakt\u0131r&#8221; ifadelerinde bulundu.<\/p>\n<p>T\u00f6rende \u00f6\u011frenciler kahramanl\u0131k \u015fiirleri seslendirirken, 19 Eyl\u00fcl Gaziler G\u00fcn\u00fc anma t\u00f6reni bu \u015fiirlerin okunmas\u0131n\u0131n ard\u0131ndan sona erdi.<br \/><\/p>\n","protected":false},"excerpt":{"rendered":"<p>19 Eyl\u00fcl Gaziler G\u00fcn\u00fc, t\u00fcm T\u00fcrkiye\u2019de oldu\u011fu gibi Fethiye\u2019de de t\u00f6renle kutland\u0131. T\u00f6rende konu\u015fan Fethiye Muharip Gaziler Ve \u015eehit Aileleri Yard\u0131mla\u015fma Ve Dayan\u0131\u015fma Derne\u011fi Ba\u015fkan\u0131 Mahmut Topal, &#8220;\u00dczerinde ya\u015fad\u0131\u011f\u0131m\u0131z topraklar\u0131n bir vatana d\u00f6n\u00fc\u015fmesi ve bekas\u0131n\u0131n sa\u011flanmas\u0131 bayra\u011f\u0131m\u0131z\u0131n \u00f6zg\u00fcrce dalgalanmas\u0131 \u015fehitlerimizin ve gazilerimizin kahramanl\u0131k ve fedakarl\u0131\u011f\u0131 sayesindedir&#8221; dedi. Fethiye Be\u015fkaza Meydan\u0131 Atat\u00fcrk An\u0131t\u0131 \u00f6n\u00fcndeki 19 Eyl\u00fcl&#8230;<\/p>\n","protected":false},"author":1,"featured_media":55963,"comment_status":"open","ping_status":"open","sticky":false,"template":"","format":"standard","meta":{"_crdt_document":"","footnotes":""},"categories":[1],"tags":[],"class_list":["post-55962","post","type-post","status-publish","format-standard","has-post-thumbnail","hentry","category-guncel"],"_links":{"self":[{"href":"https:\/\/www.egemtv.com\/index.php?rest_route=\/wp\/v2\/posts\/55962","targetHints":{"allow":["GET"]}}],"collection":[{"href":"https:\/\/www.egemtv.com\/index.php?rest_route=\/wp\/v2\/posts"}],"about":[{"href":"https:\/\/www.egemtv.com\/index.php?rest_route=\/wp\/v2\/types\/post"}],"author":[{"embeddable":true,"href":"https:\/\/www.egemtv.com\/index.php?rest_route=\/wp\/v2\/users\/1"}],"replies":[{"embeddable":true,"href":"https:\/\/www.egemtv.com\/index.php?rest_route=%2Fwp%2Fv2%2Fcomments&post=55962"}],"version-history":[{"count":1,"href":"https:\/\/www.egemtv.com\/index.php?rest_route=\/wp\/v2\/posts\/55962\/revisions"}],"predecessor-version":[{"id":55964,"href":"https:\/\/www.egemtv.com\/index.php?rest_route=\/wp\/v2\/posts\/55962\/revisions\/55964"}],"wp:featuredmedia":[{"embeddable":true,"href":"https:\/\/www.egemtv.com\/index.php?rest_route=\/wp\/v2\/media\/55963"}],"wp:attachment":[{"href":"https:\/\/www.egemtv.com\/index.php?rest_route=%2Fwp%2Fv2%2Fmedia&parent=55962"}],"wp:term":[{"taxonomy":"category","embeddable":true,"href":"https:\/\/www.egemtv.com\/index.php?rest_route=%2Fwp%2Fv2%2Fcategories&post=55962"},{"taxonomy":"post_tag","embeddable":true,"href":"https:\/\/www.egemtv.com\/index.php?rest_route=%2Fwp%2Fv2%2Ftags&post=55962"}],"curies":[{"name":"wp","href":"https:\/\/api.w.org\/{rel}","templated":true}]}}