{"id":55959,"date":"2025-09-19T13:15:16","date_gmt":"2025-09-19T10:15:16","guid":{"rendered":"https:\/\/www.egemtv.com\/?p=55959"},"modified":"2025-09-19T13:15:17","modified_gmt":"2025-09-19T10:15:17","slug":"baskan-gencay-mavisehir-mahallesi-sakinlerini-dinledi","status":"publish","type":"post","link":"https:\/\/www.egemtv.com\/?p=55959","title":{"rendered":"Ba\u015fkan Gen\u00e7ay, Mavi\u015fehir Mahallesi sakinlerini dinledi"},"content":{"rendered":"<p>Didim Belediye Ba\u015fkan\u0131 Hatice Gen\u00e7ay, Didim Belediyesi taraf\u0131ndan hayata ge\u00e7irilen &#8220;Mahallemi Dinliyorum&#8221; bulu\u015fmalar\u0131 kapsam\u0131nda Mavi\u015fehir Mahallesi sakinleriyle bir araya geldi. Halk\u0131n talep, \u00f6neri ve sorunlar\u0131n\u0131 do\u011frudan dinlemeyi ama\u00e7layan bulu\u015fma, Mavi\u015fehir Atat\u00fcrk Park\u0131\u2019nda yo\u011fun bir kat\u0131l\u0131mla ger\u00e7ekle\u015fti.<\/p>\n<p>Toplant\u0131ya Ba\u015fkan Gen\u00e7ay\u2019\u0131n yan\u0131 s\u0131ra belediye b\u00fcrokratlar\u0131, meclis \u00fcyeleri, Mavi\u015fehir Mahalle Muhtar\u0131 Ramazan \u00d6ksem ve \u00e7ok say\u0131da mahalle sakini kat\u0131ld\u0131. Samimi bir atmosferde ge\u00e7en bulu\u015fmada vatanda\u015flar, g\u00fcnl\u00fck ya\u015famlar\u0131nda kar\u015f\u0131la\u015ft\u0131klar\u0131 sorunlar\u0131, beklentilerini ve \u00f6nerilerini dile getirdi.<\/p>\n<p>Ba\u015fkan Hatice Gen\u00e7ay, toplant\u0131 boyunca vatanda\u015flar\u0131n sorular\u0131n\u0131 tek tek yan\u0131tlad\u0131, taleplerini not ald\u0131 ve \u00e7\u00f6z\u00fcm s\u00fcrecine ili\u015fkin bilgi verdi. T\u00fcm mahallelerde benzer \u015fekilde d\u00fczenlenen bu bulu\u015fmalar\u0131n, belediyenin halkla daha yak\u0131n ve \u015feffaf bir ili\u015fki kurmas\u0131n\u0131n en \u00f6nemli \u00f6rneklerinden biri oldu\u011funu vurgulad\u0131.<\/p>\n<p>Ba\u015fkan Gen\u00e7ay konu\u015fmas\u0131nda, &#8220;Didim Belediyesi olarak \u00f6nceli\u011fimiz, halk\u0131m\u0131z\u0131n sorunlar\u0131n\u0131 yerinde dinlemek ve \u00e7\u00f6z\u00fcm \u00fcretmek. Mahallemi Dinliyorum bulu\u015fmalar\u0131m\u0131z sayesinde hem talepleri do\u011frudan \u00f6\u011freniyoruz hem de mahallelerimizin \u00f6ncelikli ihtiya\u00e7lar\u0131n\u0131 belirliyoruz. Bug\u00fcn Mavi\u015fehir Mahallemizde halk\u0131m\u0131zla bir araya gelerek hem sorunlar\u0131 dinledik hem de \u00e7\u00f6z\u00fcm yollar\u0131n\u0131 isti\u015fare ettik. Bu bulu\u015fmalar, Didim\u2019de kat\u0131l\u0131mc\u0131 ve \u015feffaf belediyecili\u011fin en g\u00fczel \u00f6rneklerinden biri olmaya devam edecek&#8221; ifadelerine yer verdi.<\/p>\n<p>Mavi\u015fehir halk\u0131n\u0131n talep ve \u00f6nerilerinin dikkatle incelenece\u011fini ifade eden Ba\u015fkan Gen\u00e7ay, &#8220;Her mahallenin kendi ihtiya\u00e7lar\u0131n\u0131 \u00f6nemsiyoruz. Mavi\u015fehir\u2019deki sorunlar\u0131 \u00e7\u00f6zmek i\u00e7in gerekli ad\u0131mlar\u0131 h\u0131zl\u0131ca ataca\u011f\u0131z&#8221; dedi.<br \/><\/p>\n","protected":false},"excerpt":{"rendered":"<p>Didim Belediye Ba\u015fkan\u0131 Hatice Gen\u00e7ay, Didim Belediyesi taraf\u0131ndan hayata ge\u00e7irilen &#8220;Mahallemi Dinliyorum&#8221; bulu\u015fmalar\u0131 kapsam\u0131nda Mavi\u015fehir Mahallesi sakinleriyle bir araya geldi. Halk\u0131n talep, \u00f6neri ve sorunlar\u0131n\u0131 do\u011frudan dinlemeyi ama\u00e7layan bulu\u015fma, Mavi\u015fehir Atat\u00fcrk Park\u0131\u2019nda yo\u011fun bir kat\u0131l\u0131mla ger\u00e7ekle\u015fti. Toplant\u0131ya Ba\u015fkan Gen\u00e7ay\u2019\u0131n yan\u0131 s\u0131ra belediye b\u00fcrokratlar\u0131, meclis \u00fcyeleri, Mavi\u015fehir Mahalle Muhtar\u0131 Ramazan \u00d6ksem ve \u00e7ok say\u0131da mahalle sakini&#8230;<\/p>\n","protected":false},"author":1,"featured_media":55960,"comment_status":"open","ping_status":"open","sticky":false,"template":"","format":"standard","meta":{"_crdt_document":"","footnotes":""},"categories":[1],"tags":[],"class_list":["post-55959","post","type-post","status-publish","format-standard","has-post-thumbnail","hentry","category-guncel"],"_links":{"self":[{"href":"https:\/\/www.egemtv.com\/index.php?rest_route=\/wp\/v2\/posts\/55959","targetHints":{"allow":["GET"]}}],"collection":[{"href":"https:\/\/www.egemtv.com\/index.php?rest_route=\/wp\/v2\/posts"}],"about":[{"href":"https:\/\/www.egemtv.com\/index.php?rest_route=\/wp\/v2\/types\/post"}],"author":[{"embeddable":true,"href":"https:\/\/www.egemtv.com\/index.php?rest_route=\/wp\/v2\/users\/1"}],"replies":[{"embeddable":true,"href":"https:\/\/www.egemtv.com\/index.php?rest_route=%2Fwp%2Fv2%2Fcomments&post=55959"}],"version-history":[{"count":1,"href":"https:\/\/www.egemtv.com\/index.php?rest_route=\/wp\/v2\/posts\/55959\/revisions"}],"predecessor-version":[{"id":55961,"href":"https:\/\/www.egemtv.com\/index.php?rest_route=\/wp\/v2\/posts\/55959\/revisions\/55961"}],"wp:featuredmedia":[{"embeddable":true,"href":"https:\/\/www.egemtv.com\/index.php?rest_route=\/wp\/v2\/media\/55960"}],"wp:attachment":[{"href":"https:\/\/www.egemtv.com\/index.php?rest_route=%2Fwp%2Fv2%2Fmedia&parent=55959"}],"wp:term":[{"taxonomy":"category","embeddable":true,"href":"https:\/\/www.egemtv.com\/index.php?rest_route=%2Fwp%2Fv2%2Fcategories&post=55959"},{"taxonomy":"post_tag","embeddable":true,"href":"https:\/\/www.egemtv.com\/index.php?rest_route=%2Fwp%2Fv2%2Ftags&post=55959"}],"curies":[{"name":"wp","href":"https:\/\/api.w.org\/{rel}","templated":true}]}}