{"id":55956,"date":"2025-09-19T13:15:15","date_gmt":"2025-09-19T10:15:15","guid":{"rendered":"https:\/\/www.egemtv.com\/?p=55956"},"modified":"2025-09-19T13:15:16","modified_gmt":"2025-09-19T10:15:16","slug":"gumbet-aciklarinda-suruklenen-tekne-kurtarildi","status":"publish","type":"post","link":"https:\/\/www.egemtv.com\/?p=55956","title":{"rendered":"G\u00fcmbet a\u00e7\u0131klar\u0131nda s\u00fcr\u00fcklenen tekne kurtar\u0131ld\u0131"},"content":{"rendered":"<p>Mu\u011fla\u2019n\u0131n Bodrum il\u00e7esinde G\u00fcmbet a\u00e7\u0131klar\u0131nda makine ar\u0131zas\u0131 yapan tekne K\u0131y\u0131 Emniyet Genel m\u00fcd\u00fcrl\u00fc\u011f\u00fc ekipleri taraf\u0131ndan kurtar\u0131ld\u0131.<br \/>\n<br \/>G\u00fcmbet \u00f6nlerinde makine ar\u0131zas\u0131 nedeniyle s\u00fcr\u00fcklenen ve i\u00e7erisinde 5 ki\u015fi bulunan 10 metre boyundaki tekne, KIYEM-6 h\u0131zl\u0131 tahlisiye (can kurtarma) botumuzca yedeklenerek G\u00fcmbet Koyu\u2019nda emniyetle demirletildi.<br \/><\/p>\n","protected":false},"excerpt":{"rendered":"<p>Mu\u011fla\u2019n\u0131n Bodrum il\u00e7esinde G\u00fcmbet a\u00e7\u0131klar\u0131nda makine ar\u0131zas\u0131 yapan tekne K\u0131y\u0131 Emniyet Genel m\u00fcd\u00fcrl\u00fc\u011f\u00fc ekipleri taraf\u0131ndan kurtar\u0131ld\u0131. G\u00fcmbet \u00f6nlerinde makine ar\u0131zas\u0131 nedeniyle s\u00fcr\u00fcklenen ve i\u00e7erisinde 5 ki\u015fi bulunan 10 metre boyundaki tekne, KIYEM-6 h\u0131zl\u0131 tahlisiye (can kurtarma) botumuzca yedeklenerek G\u00fcmbet Koyu\u2019nda emniyetle demirletildi.<\/p>\n","protected":false},"author":1,"featured_media":55957,"comment_status":"open","ping_status":"open","sticky":false,"template":"","format":"standard","meta":{"_crdt_document":"","footnotes":""},"categories":[5],"tags":[],"class_list":["post-55956","post","type-post","status-publish","format-standard","has-post-thumbnail","hentry","category-asayis"],"_links":{"self":[{"href":"https:\/\/www.egemtv.com\/index.php?rest_route=\/wp\/v2\/posts\/55956","targetHints":{"allow":["GET"]}}],"collection":[{"href":"https:\/\/www.egemtv.com\/index.php?rest_route=\/wp\/v2\/posts"}],"about":[{"href":"https:\/\/www.egemtv.com\/index.php?rest_route=\/wp\/v2\/types\/post"}],"author":[{"embeddable":true,"href":"https:\/\/www.egemtv.com\/index.php?rest_route=\/wp\/v2\/users\/1"}],"replies":[{"embeddable":true,"href":"https:\/\/www.egemtv.com\/index.php?rest_route=%2Fwp%2Fv2%2Fcomments&post=55956"}],"version-history":[{"count":1,"href":"https:\/\/www.egemtv.com\/index.php?rest_route=\/wp\/v2\/posts\/55956\/revisions"}],"predecessor-version":[{"id":55958,"href":"https:\/\/www.egemtv.com\/index.php?rest_route=\/wp\/v2\/posts\/55956\/revisions\/55958"}],"wp:featuredmedia":[{"embeddable":true,"href":"https:\/\/www.egemtv.com\/index.php?rest_route=\/wp\/v2\/media\/55957"}],"wp:attachment":[{"href":"https:\/\/www.egemtv.com\/index.php?rest_route=%2Fwp%2Fv2%2Fmedia&parent=55956"}],"wp:term":[{"taxonomy":"category","embeddable":true,"href":"https:\/\/www.egemtv.com\/index.php?rest_route=%2Fwp%2Fv2%2Fcategories&post=55956"},{"taxonomy":"post_tag","embeddable":true,"href":"https:\/\/www.egemtv.com\/index.php?rest_route=%2Fwp%2Fv2%2Ftags&post=55956"}],"curies":[{"name":"wp","href":"https:\/\/api.w.org\/{rel}","templated":true}]}}