{"id":55953,"date":"2025-09-19T13:15:14","date_gmt":"2025-09-19T10:15:14","guid":{"rendered":"https:\/\/www.egemtv.com\/?p=55953"},"modified":"2025-09-19T13:15:15","modified_gmt":"2025-09-19T10:15:15","slug":"marmaris-gazilerini-unutmadi","status":"publish","type":"post","link":"https:\/\/www.egemtv.com\/?p=55953","title":{"rendered":"Marmaris gazilerini unutmad\u0131"},"content":{"rendered":"<p>19 Eyl\u00fcl Gaziler G\u00fcn\u00fc vesilesi ile Mu\u011fla\u2019n\u0131n Marmaris il\u00e7esinde bir dizi etkinlik d\u00fczenlendi. D\u00fczenlenen etkinliklerde, \u00e7elenk sunumu yap\u0131ld\u0131, \u015fiirler okundu, askeri bando konseri verildi. Marmaris\u2019te ya\u015fayan gaziler de sayg\u0131 ve anma t\u00f6renlerine kat\u0131ld\u0131.<\/p>\n<p>Marmaris Atat\u00fcrk Meydan\u0131\u2019nda sabah 10.30\u2019da ba\u015flayan programda, Atat\u00fcrk An\u0131t\u0131\u2019na \u00e7elenk sunuldu. Marmaris Kaymakam\u0131 Nurullah Kaya, Marmaris Muharip Gaziler Derne\u011fi Temsilcisi Azmi \u00d6zkan, Aksaz Deniz \u00dcs Komutan\u0131 Tu\u011famiral Hamdi Abanoz ve Marmaris Belediyesi Ba\u015fkan Vekili Osman Demirta\u015f \u00e7elenk sundu.<\/p>\n<p>\u00c7elenk sunumunun ard\u0131ndan Aksaz Askeri Bandosu e\u015fli\u011finde sayg\u0131 duru\u015funda bulunuldu ve \u0130stiklal Mar\u015f\u0131 okundu. Daha sonra Aksaz Deniz \u00dcs ve Garnizonlu\u011fu \u0130kmal Y\u00fczba\u015f\u0131 H\u00fcseyin G\u00f6kta\u015f ile Marmaris Muharip Gaziler Derne\u011fi Temsilcisi Azmi \u00d6zkan g\u00fcn\u00fcn anlam ve \u00f6nemine dair konu\u015fmalar yapt\u0131.<\/p>\n<p>\u00d6\u011frencilerin okudu\u011fu \u015fiirler t\u00f6rene duygu dolu anlar katt\u0131. Aksaz Deniz \u00dcs Komutanl\u0131\u011f\u0131 Askeri Bandosu, mar\u015flardan olu\u015fan konseriyle programa renk katt\u0131.<\/p>\n<p>T\u00f6rene Marmaris Kaymakam\u0131 Nurullah Kaya, Ba\u015fsavc\u0131 Fatmag\u00fcl Y\u00f6r\u00fck, Aksaz Deniz \u00dcs ve Garnizon Komutan\u0131 Tu\u011famiral Hamdi Abanoz, \u0130l\u00e7e Jandarma Komutan\u0131 Binba\u015f\u0131 Berker Dongul, \u0130l\u00e7e Emniyet M\u00fcd\u00fcr\u00fc Samed Seyhan, Marmaris\u2019te ya\u015fayan gaziler, Baro temsilcisi Avukat Bu\u011fra Yavuz, kurum m\u00fcd\u00fcrleri, siyasi parti ve sivil toplum kurulu\u015fu temsilcileri, \u00f6\u011frenciler ve \u00e7ok say\u0131da vatanda\u015f kat\u0131ld\u0131.<\/p>\n<p>Gaziler G\u00fcn\u00fc program\u0131 kapsam\u0131nda, saat 12.30\u2019da Marmaris Camii\u2019nde mevlid okutulaca\u011f\u0131, ayr\u0131ca g\u00fcn boyunca saat 17.00\u2019ye kadar K\u0131z\u0131lay Marmaris \u015eubesi\u2019nde kan ba\u011f\u0131\u015f\u0131 yap\u0131labilece\u011fi duyuruldu.<br \/><\/p>\n","protected":false},"excerpt":{"rendered":"<p>19 Eyl\u00fcl Gaziler G\u00fcn\u00fc vesilesi ile Mu\u011fla\u2019n\u0131n Marmaris il\u00e7esinde bir dizi etkinlik d\u00fczenlendi. D\u00fczenlenen etkinliklerde, \u00e7elenk sunumu yap\u0131ld\u0131, \u015fiirler okundu, askeri bando konseri verildi. Marmaris\u2019te ya\u015fayan gaziler de sayg\u0131 ve anma t\u00f6renlerine kat\u0131ld\u0131. Marmaris Atat\u00fcrk Meydan\u0131\u2019nda sabah 10.30\u2019da ba\u015flayan programda, Atat\u00fcrk An\u0131t\u0131\u2019na \u00e7elenk sunuldu. Marmaris Kaymakam\u0131 Nurullah Kaya, Marmaris Muharip Gaziler Derne\u011fi Temsilcisi Azmi \u00d6zkan,&#8230;<\/p>\n","protected":false},"author":1,"featured_media":55954,"comment_status":"open","ping_status":"open","sticky":false,"template":"","format":"standard","meta":{"_crdt_document":"","footnotes":""},"categories":[1],"tags":[],"class_list":["post-55953","post","type-post","status-publish","format-standard","has-post-thumbnail","hentry","category-guncel"],"_links":{"self":[{"href":"https:\/\/www.egemtv.com\/index.php?rest_route=\/wp\/v2\/posts\/55953","targetHints":{"allow":["GET"]}}],"collection":[{"href":"https:\/\/www.egemtv.com\/index.php?rest_route=\/wp\/v2\/posts"}],"about":[{"href":"https:\/\/www.egemtv.com\/index.php?rest_route=\/wp\/v2\/types\/post"}],"author":[{"embeddable":true,"href":"https:\/\/www.egemtv.com\/index.php?rest_route=\/wp\/v2\/users\/1"}],"replies":[{"embeddable":true,"href":"https:\/\/www.egemtv.com\/index.php?rest_route=%2Fwp%2Fv2%2Fcomments&post=55953"}],"version-history":[{"count":1,"href":"https:\/\/www.egemtv.com\/index.php?rest_route=\/wp\/v2\/posts\/55953\/revisions"}],"predecessor-version":[{"id":55955,"href":"https:\/\/www.egemtv.com\/index.php?rest_route=\/wp\/v2\/posts\/55953\/revisions\/55955"}],"wp:featuredmedia":[{"embeddable":true,"href":"https:\/\/www.egemtv.com\/index.php?rest_route=\/wp\/v2\/media\/55954"}],"wp:attachment":[{"href":"https:\/\/www.egemtv.com\/index.php?rest_route=%2Fwp%2Fv2%2Fmedia&parent=55953"}],"wp:term":[{"taxonomy":"category","embeddable":true,"href":"https:\/\/www.egemtv.com\/index.php?rest_route=%2Fwp%2Fv2%2Fcategories&post=55953"},{"taxonomy":"post_tag","embeddable":true,"href":"https:\/\/www.egemtv.com\/index.php?rest_route=%2Fwp%2Fv2%2Ftags&post=55953"}],"curies":[{"name":"wp","href":"https:\/\/api.w.org\/{rel}","templated":true}]}}