{"id":55950,"date":"2025-09-19T13:15:13","date_gmt":"2025-09-19T10:15:13","guid":{"rendered":"https:\/\/www.egemtv.com\/?p=55950"},"modified":"2025-09-19T13:15:14","modified_gmt":"2025-09-19T10:15:14","slug":"koycegizde-108-ev-tahliye-edildi","status":"publish","type":"post","link":"https:\/\/www.egemtv.com\/?p=55950","title":{"rendered":"K\u00f6yce\u011fiz\u2019de 108 ev tahliye edildi"},"content":{"rendered":"<p>Mu\u011fla\u2019n\u0131n K\u00f6yce\u011fiz il\u00e7esine ba\u011fl\u0131 Akk\u00f6pr\u00fc Mahallesi\u2019nde gece saat 00.36 sular\u0131nda ba\u015flayan orman yang\u0131n\u0131na m\u00fcdahale aral\u0131ks\u0131z devam ediyor. Ekipler, yang\u0131n\u0131 kontrol alt\u0131na almak i\u00e7in yo\u011fun bir \u00e7aba g\u00f6steriyor.<\/p>\n<p>Yang\u0131n nedeniyle b\u00f6lgede bulunan P\u0131nar, Sazak ve Akk\u00f6pr\u00fc Mahallelerinde acil tahliye karar\u0131 al\u0131nd\u0131. Afet ve Acil Durum Y\u00f6netimi Ba\u015fkanl\u0131\u011f\u0131 (AFAD) ekipleri taraf\u0131ndan yap\u0131lan \u00e7al\u0131\u015fmalarla, toplam 108 ev bo\u015falt\u0131ld\u0131 ve 333 vatanda\u015f g\u00fcvenli b\u00f6lgelere nakledildi.<\/p>\n<p>Can kayb\u0131 ve yaralanmalar\u0131n \u00f6n\u00fcne ge\u00e7mek amac\u0131yla, hayvan tahliyeleri de titizlikle y\u00fcr\u00fct\u00fcld\u00fc. B\u00f6lgeden toplam 715 k\u00fc\u00e7\u00fckba\u015f ve 260 b\u00fcy\u00fckba\u015f hayvan g\u00fcvenli alanlara sevk edildi.<\/p>\n<p>\u0130lk belirlemelere g\u00f6re, yang\u0131nda 1 ev ve 2 ah\u0131r zarar g\u00f6rd\u00fc. Yang\u0131n sonucunda 10 k\u00fc\u00e7\u00fckba\u015f hayvan\u0131n telef oldu\u011fu bildirildi.<br \/><\/p>\n","protected":false},"excerpt":{"rendered":"<p>Mu\u011fla\u2019n\u0131n K\u00f6yce\u011fiz il\u00e7esine ba\u011fl\u0131 Akk\u00f6pr\u00fc Mahallesi\u2019nde gece saat 00.36 sular\u0131nda ba\u015flayan orman yang\u0131n\u0131na m\u00fcdahale aral\u0131ks\u0131z devam ediyor. Ekipler, yang\u0131n\u0131 kontrol alt\u0131na almak i\u00e7in yo\u011fun bir \u00e7aba g\u00f6steriyor. Yang\u0131n nedeniyle b\u00f6lgede bulunan P\u0131nar, Sazak ve Akk\u00f6pr\u00fc Mahallelerinde acil tahliye karar\u0131 al\u0131nd\u0131. Afet ve Acil Durum Y\u00f6netimi Ba\u015fkanl\u0131\u011f\u0131 (AFAD) ekipleri taraf\u0131ndan yap\u0131lan \u00e7al\u0131\u015fmalarla, toplam 108 ev bo\u015falt\u0131ld\u0131&#8230;<\/p>\n","protected":false},"author":1,"featured_media":55951,"comment_status":"open","ping_status":"open","sticky":false,"template":"","format":"standard","meta":{"_crdt_document":"","footnotes":""},"categories":[5],"tags":[],"class_list":["post-55950","post","type-post","status-publish","format-standard","has-post-thumbnail","hentry","category-asayis"],"_links":{"self":[{"href":"https:\/\/www.egemtv.com\/index.php?rest_route=\/wp\/v2\/posts\/55950","targetHints":{"allow":["GET"]}}],"collection":[{"href":"https:\/\/www.egemtv.com\/index.php?rest_route=\/wp\/v2\/posts"}],"about":[{"href":"https:\/\/www.egemtv.com\/index.php?rest_route=\/wp\/v2\/types\/post"}],"author":[{"embeddable":true,"href":"https:\/\/www.egemtv.com\/index.php?rest_route=\/wp\/v2\/users\/1"}],"replies":[{"embeddable":true,"href":"https:\/\/www.egemtv.com\/index.php?rest_route=%2Fwp%2Fv2%2Fcomments&post=55950"}],"version-history":[{"count":1,"href":"https:\/\/www.egemtv.com\/index.php?rest_route=\/wp\/v2\/posts\/55950\/revisions"}],"predecessor-version":[{"id":55952,"href":"https:\/\/www.egemtv.com\/index.php?rest_route=\/wp\/v2\/posts\/55950\/revisions\/55952"}],"wp:featuredmedia":[{"embeddable":true,"href":"https:\/\/www.egemtv.com\/index.php?rest_route=\/wp\/v2\/media\/55951"}],"wp:attachment":[{"href":"https:\/\/www.egemtv.com\/index.php?rest_route=%2Fwp%2Fv2%2Fmedia&parent=55950"}],"wp:term":[{"taxonomy":"category","embeddable":true,"href":"https:\/\/www.egemtv.com\/index.php?rest_route=%2Fwp%2Fv2%2Fcategories&post=55950"},{"taxonomy":"post_tag","embeddable":true,"href":"https:\/\/www.egemtv.com\/index.php?rest_route=%2Fwp%2Fv2%2Ftags&post=55950"}],"curies":[{"name":"wp","href":"https:\/\/api.w.org\/{rel}","templated":true}]}}