{"id":55947,"date":"2025-09-19T13:15:12","date_gmt":"2025-09-19T10:15:12","guid":{"rendered":"https:\/\/www.egemtv.com\/?p=55947"},"modified":"2025-09-19T13:15:13","modified_gmt":"2025-09-19T10:15:13","slug":"sokede-19-eylul-gaziler-gunu-toreni-duzenlendi","status":"publish","type":"post","link":"https:\/\/www.egemtv.com\/?p=55947","title":{"rendered":"S\u00f6ke\u2019de 19 Eyl\u00fcl Gaziler G\u00fcn\u00fc T\u00f6reni D\u00fczenlendi"},"content":{"rendered":"<p>Ayd\u0131n\u2019\u0131n S\u00f6ke il\u00e7esinde 19 Eyl\u00fcl Gaziler G\u00fcn\u00fc, Cumhuriyet Meydan\u0131\u2019nda d\u00fczenlenen t\u00f6renle kutland\u0131.<\/p>\n<p>T\u00f6rene S\u00f6ke Kaymakam\u0131 Ali Ak\u00e7a, Garnizon Komutan\u0131 Top\u00e7u Albay Ozan Y\u0131lmaz, S\u00f6ke Belediye Ba\u015fkan Vekili \u015eakir G\u00fclmez, S\u00f6ke Cumhuriyet Ba\u015fsavc\u0131s\u0131 Ya\u015far \u00d6zkan, \u015eehit Aileleri ve Gaziler Dayan\u0131\u015fma Derne\u011fi Ba\u015fkan\u0131 Abdullah K\u00f6ksal, protokol\u00fcn di\u011fer \u00fcyeleri ile askeri erkan ve \u00e7ok say\u0131da gazi kat\u0131ld\u0131.<\/p>\n<p>Atat\u00fcrk An\u0131t\u0131\u2019na Kaymakaml\u0131k, Garnizon Komutanl\u0131\u011f\u0131, Belediye ve Dernek taraf\u0131ndan \u00e7elenklerin sunulmas\u0131yla ba\u015flayan programda, g\u00fcn\u00fcn anlam ve \u00f6nemine dair konu\u015fmalar yap\u0131ld\u0131.<\/p>\n<p>Top\u00e7u \u00dcste\u011fmen Say\u0131m Baka, yapt\u0131\u011f\u0131 konu\u015fmada gazili\u011fin ta\u015f\u0131d\u0131\u011f\u0131 manevi de\u011feri vurgulad\u0131. Baka, &#8220;Bug\u00fcn, her kar\u0131\u015f\u0131 \u015fehit kan\u0131yla sulanm\u0131\u015f bu topraklar\u0131 savunurken gazilik unvan\u0131n\u0131 kazanan kahramanlar\u0131m\u0131z\u0131n gurur g\u00fcn\u00fcn\u00fc ya\u015f\u0131yoruz. Ayr\u0131ca 19 Eyl\u00fcl 1921\u2019de Gazi Mustafa Kemal Atat\u00fcrk\u2019e T\u00fcrkiye B\u00fcy\u00fck Millet Meclisi taraf\u0131ndan mare\u015fallik r\u00fctbesi ve gazilik unvan\u0131 verili\u015finin de y\u0131l d\u00f6n\u00fcm\u00fcd\u00fcr. Muharebenin en b\u00fcy\u00fck r\u00fctbesi \u015fehitliktir. \u015eehit olamayan, ancak cephede can\u0131n\u0131 ortaya koyan kahramanlar\u0131m\u0131z gazilik onurunu \u00f6m\u00fcr boyu ta\u015f\u0131maktad\u0131r&#8221; dedi.<\/p>\n<p>\u015eehit Aileleri ve Gaziler Dayan\u0131\u015fma Derne\u011fi Ba\u015fkan\u0131 Abdullah K\u00f6ksal ise konu\u015fmas\u0131nda, Gaziler G\u00fcn\u00fc\u2019n\u00fcn yaln\u0131zca gazilerin de\u011fil t\u00fcm milletin ortak g\u00fcn\u00fc oldu\u011funu belirtti. K\u00f6ksal, &#8220;Aziz \u015fehitlerimizi ve gazilerimizi her daim minnetle anmal\u0131y\u0131z. \u2018Baca\u011f\u0131m, kolum, g\u00f6z\u00fcm olmadan ya\u015fayabilirim ama vatan\u0131m olmadan ya\u015fayamam\u2019 diyen kahraman gazilerimize \u015f\u00fckranlar\u0131m\u0131z\u0131 sunuyorum. Sevgili gen\u00e7ler yar\u0131n bu vatan\u0131n savunmas\u0131 sizlere emanet edildi\u011finde, ecdad\u0131n\u0131za lay\u0131k bir \u015fekilde g\u00f6revlerinizi yerine getirece\u011finize y\u00fcrekten inan\u0131yoruz&#8221; dedi.<\/p>\n<p>Konu\u015fmalar\u0131n ard\u0131ndan \u00f6\u011frenciler \u015fiirler okudu.<br \/><\/p>\n","protected":false},"excerpt":{"rendered":"<p>Ayd\u0131n\u2019\u0131n S\u00f6ke il\u00e7esinde 19 Eyl\u00fcl Gaziler G\u00fcn\u00fc, Cumhuriyet Meydan\u0131\u2019nda d\u00fczenlenen t\u00f6renle kutland\u0131. T\u00f6rene S\u00f6ke Kaymakam\u0131 Ali Ak\u00e7a, Garnizon Komutan\u0131 Top\u00e7u Albay Ozan Y\u0131lmaz, S\u00f6ke Belediye Ba\u015fkan Vekili \u015eakir G\u00fclmez, S\u00f6ke Cumhuriyet Ba\u015fsavc\u0131s\u0131 Ya\u015far \u00d6zkan, \u015eehit Aileleri ve Gaziler Dayan\u0131\u015fma Derne\u011fi Ba\u015fkan\u0131 Abdullah K\u00f6ksal, protokol\u00fcn di\u011fer \u00fcyeleri ile askeri erkan ve \u00e7ok say\u0131da gazi kat\u0131ld\u0131. Atat\u00fcrk&#8230;<\/p>\n","protected":false},"author":1,"featured_media":55948,"comment_status":"open","ping_status":"open","sticky":false,"template":"","format":"standard","meta":{"_crdt_document":"","footnotes":""},"categories":[1],"tags":[],"class_list":["post-55947","post","type-post","status-publish","format-standard","has-post-thumbnail","hentry","category-guncel"],"_links":{"self":[{"href":"https:\/\/www.egemtv.com\/index.php?rest_route=\/wp\/v2\/posts\/55947","targetHints":{"allow":["GET"]}}],"collection":[{"href":"https:\/\/www.egemtv.com\/index.php?rest_route=\/wp\/v2\/posts"}],"about":[{"href":"https:\/\/www.egemtv.com\/index.php?rest_route=\/wp\/v2\/types\/post"}],"author":[{"embeddable":true,"href":"https:\/\/www.egemtv.com\/index.php?rest_route=\/wp\/v2\/users\/1"}],"replies":[{"embeddable":true,"href":"https:\/\/www.egemtv.com\/index.php?rest_route=%2Fwp%2Fv2%2Fcomments&post=55947"}],"version-history":[{"count":1,"href":"https:\/\/www.egemtv.com\/index.php?rest_route=\/wp\/v2\/posts\/55947\/revisions"}],"predecessor-version":[{"id":55949,"href":"https:\/\/www.egemtv.com\/index.php?rest_route=\/wp\/v2\/posts\/55947\/revisions\/55949"}],"wp:featuredmedia":[{"embeddable":true,"href":"https:\/\/www.egemtv.com\/index.php?rest_route=\/wp\/v2\/media\/55948"}],"wp:attachment":[{"href":"https:\/\/www.egemtv.com\/index.php?rest_route=%2Fwp%2Fv2%2Fmedia&parent=55947"}],"wp:term":[{"taxonomy":"category","embeddable":true,"href":"https:\/\/www.egemtv.com\/index.php?rest_route=%2Fwp%2Fv2%2Fcategories&post=55947"},{"taxonomy":"post_tag","embeddable":true,"href":"https:\/\/www.egemtv.com\/index.php?rest_route=%2Fwp%2Fv2%2Ftags&post=55947"}],"curies":[{"name":"wp","href":"https:\/\/api.w.org\/{rel}","templated":true}]}}