{"id":55941,"date":"2025-09-19T13:15:10","date_gmt":"2025-09-19T10:15:10","guid":{"rendered":"https:\/\/www.egemtv.com\/?p=55941"},"modified":"2025-09-19T13:15:11","modified_gmt":"2025-09-19T10:15:11","slug":"sarigolde-okullarda-geleneksel-turk-okculugu-tanitimi-yapildi","status":"publish","type":"post","link":"https:\/\/www.egemtv.com\/?p=55941","title":{"rendered":"Sar\u0131g\u00f6l\u2019de okullarda &#8220;Geleneksel T\u00fcrk Ok\u00e7ulu\u011fu&#8221; tan\u0131t\u0131m\u0131 yap\u0131ld\u0131"},"content":{"rendered":"<p>Sar\u0131g\u00f6l Gen\u00e7lik ve Spor \u0130l\u00e7e M\u00fcd\u00fcrl\u00fc\u011f\u00fc b\u00fcnyesinde ba\u015flat\u0131lan &#8220;Geleneksel T\u00fcrk Ok\u00e7ulu\u011fu&#8221; kurslar\u0131n\u0131n okullarda \u00f6\u011frencilere tan\u0131t\u0131m\u0131na ba\u015fland\u0131.<br \/>\n<br \/>Sar\u0131g\u00f6l 4 Eyl\u00fcl \u0130lkokulu ve Sar\u0131g\u00f6l Mustafa Metin \u0130mam Hatip Ortaokulu\u2019nda ger\u00e7ekle\u015ftirilen tan\u0131t\u0131m etkinlikleri \u00f6\u011frencilerden yo\u011fun ilgi g\u00f6rd\u00fc. Tan\u0131t\u0131mlarda \u00f6\u011frencilere &#8220;Geleneksel T\u00fcrk Ok\u00e7ulu\u011fu&#8221; ve \u00f6nemi hakk\u0131nda bilgi verildi.<br \/>\n<br \/>Sar\u0131g\u00f6l Gen\u00e7lik ve Spor \u0130l\u00e7e M\u00fcd\u00fcr\u00fc G\u00f6khan Y\u0131ld\u0131r\u0131m, kurslara g\u00f6sterilen yo\u011fun ilgiden memnuniyet duyduklar\u0131n\u0131 belirterek, &#8220;Geleneksel T\u00fcrk ok\u00e7ulu\u011fu kursumuz a\u00e7\u0131k ve yo\u011fun talep g\u00f6r\u00fcyor. Bu nedenle okullar\u0131 ok\u00e7uluk antren\u00f6r\u00fcm\u00fcz Hakan Kuruca ile birlikte ziyaret ederek tan\u0131t\u0131mlar ger\u00e7ekle\u015ftiriyoruz. \u00c7ocuklar\u0131m\u0131z\u0131n hem g\u00f6rsel olarak hem de bilgilerle donat\u0131lmas\u0131 bizi \u00e7ok mutlu ediyor. \u0130lginin artmas\u0131 sevindirici bir durum&#8221; dedi.<br \/><\/p>\n","protected":false},"excerpt":{"rendered":"<p>Sar\u0131g\u00f6l Gen\u00e7lik ve Spor \u0130l\u00e7e M\u00fcd\u00fcrl\u00fc\u011f\u00fc b\u00fcnyesinde ba\u015flat\u0131lan &#8220;Geleneksel T\u00fcrk Ok\u00e7ulu\u011fu&#8221; kurslar\u0131n\u0131n okullarda \u00f6\u011frencilere tan\u0131t\u0131m\u0131na ba\u015fland\u0131. Sar\u0131g\u00f6l 4 Eyl\u00fcl \u0130lkokulu ve Sar\u0131g\u00f6l Mustafa Metin \u0130mam Hatip Ortaokulu\u2019nda ger\u00e7ekle\u015ftirilen tan\u0131t\u0131m etkinlikleri \u00f6\u011frencilerden yo\u011fun ilgi g\u00f6rd\u00fc. Tan\u0131t\u0131mlarda \u00f6\u011frencilere &#8220;Geleneksel T\u00fcrk Ok\u00e7ulu\u011fu&#8221; ve \u00f6nemi hakk\u0131nda bilgi verildi. Sar\u0131g\u00f6l Gen\u00e7lik ve Spor \u0130l\u00e7e M\u00fcd\u00fcr\u00fc G\u00f6khan Y\u0131ld\u0131r\u0131m, kurslara g\u00f6sterilen yo\u011fun&#8230;<\/p>\n","protected":false},"author":1,"featured_media":55942,"comment_status":"open","ping_status":"open","sticky":false,"template":"","format":"standard","meta":{"_crdt_document":"","footnotes":""},"categories":[4],"tags":[],"class_list":["post-55941","post","type-post","status-publish","format-standard","has-post-thumbnail","hentry","category-spor"],"_links":{"self":[{"href":"https:\/\/www.egemtv.com\/index.php?rest_route=\/wp\/v2\/posts\/55941","targetHints":{"allow":["GET"]}}],"collection":[{"href":"https:\/\/www.egemtv.com\/index.php?rest_route=\/wp\/v2\/posts"}],"about":[{"href":"https:\/\/www.egemtv.com\/index.php?rest_route=\/wp\/v2\/types\/post"}],"author":[{"embeddable":true,"href":"https:\/\/www.egemtv.com\/index.php?rest_route=\/wp\/v2\/users\/1"}],"replies":[{"embeddable":true,"href":"https:\/\/www.egemtv.com\/index.php?rest_route=%2Fwp%2Fv2%2Fcomments&post=55941"}],"version-history":[{"count":1,"href":"https:\/\/www.egemtv.com\/index.php?rest_route=\/wp\/v2\/posts\/55941\/revisions"}],"predecessor-version":[{"id":55943,"href":"https:\/\/www.egemtv.com\/index.php?rest_route=\/wp\/v2\/posts\/55941\/revisions\/55943"}],"wp:featuredmedia":[{"embeddable":true,"href":"https:\/\/www.egemtv.com\/index.php?rest_route=\/wp\/v2\/media\/55942"}],"wp:attachment":[{"href":"https:\/\/www.egemtv.com\/index.php?rest_route=%2Fwp%2Fv2%2Fmedia&parent=55941"}],"wp:term":[{"taxonomy":"category","embeddable":true,"href":"https:\/\/www.egemtv.com\/index.php?rest_route=%2Fwp%2Fv2%2Fcategories&post=55941"},{"taxonomy":"post_tag","embeddable":true,"href":"https:\/\/www.egemtv.com\/index.php?rest_route=%2Fwp%2Fv2%2Ftags&post=55941"}],"curies":[{"name":"wp","href":"https:\/\/api.w.org\/{rel}","templated":true}]}}