{"id":55938,"date":"2025-09-19T12:35:09","date_gmt":"2025-09-19T09:35:09","guid":{"rendered":"https:\/\/www.egemtv.com\/?p=55938"},"modified":"2025-09-19T12:35:10","modified_gmt":"2025-09-19T09:35:10","slug":"kula-ve-sarigolde-gaziler-gunu-kutlandi","status":"publish","type":"post","link":"https:\/\/www.egemtv.com\/?p=55938","title":{"rendered":"Kula ve Sar\u0131g\u00f6l\u2019de Gaziler G\u00fcn\u00fc kutland\u0131"},"content":{"rendered":"<p>Manisa\u2019n\u0131n Kula ve Sar\u0131g\u00f6l il\u00e7elerinde 19 Eyl\u00fcl Gaziler G\u00fcn\u00fc d\u00fczenlenen programlarla kutland\u0131.<br \/>\n<br \/>T\u00fcrkiye Cumhuriyetinin kurucusu Mustafa Kemal Atat\u00fcrk\u2019e Gazilik unvan\u0131n\u0131n verili\u015finin 104. y\u0131l\u0131nda d\u00fczenlenen Gaziler G\u00fcn\u00fc kutlamalar\u0131nda Manisa\u2019n\u0131n Kula ve Sar\u0131g\u00f6l il\u00e7elerinde d\u00fczenlenen t\u00f6renlerde gaziler unutulmad\u0131.<\/p>\n<p>Kula\u2019daki t\u00f6ren<br \/>\n<br \/>Manisa\u2019n\u0131n Kula il\u00e7esinde 19 Eyl\u00fcl Gaziler g\u00fcn\u00fc m\u00fcnasebetiyle kutlama program\u0131 d\u00fczenlendi.<br \/>\n<br \/>Kula\u2019da 19 Eyl\u00fcl Gaziler G\u00fcn\u00fc m\u00fcnasebetiyle Yunus Emre ve \u015eehit \u00d6mer Halisdemir Kent Meydan\u0131 Atat\u00fcrk An\u0131t\u0131 \u00f6n\u00fcnde d\u00fczenlenen program, sayg\u0131 duru\u015funda bulunulmas\u0131 ve \u0130stiklal Mar\u015f\u0131n\u0131n okunmas\u0131 ile ba\u015flad\u0131. \u00c7elenk sunumunun ard\u0131ndan g\u00fcn\u00fcn anlam ve \u00f6nemini belirten konu\u015fmay\u0131 K\u0131br\u0131s Gazisi \u0130smail Kara yapt\u0131. \u00d6\u011frenciler taraf\u0131ndan g\u00fcn\u00fcn anlam ve \u00f6nemine binaen \u015fiirler okunmas\u0131n\u0131n ard\u0131ndan program il\u00e7e \u015fehitli\u011finde devam etti. Kur\u2019an-\u0131 Kerim tilaveti ve dualar\u0131n okunmas\u0131yla devam eden programda, \u015fehitler yad edildi. \u0130l\u00e7e \u015eehitli\u011fi ziyaretinin ard\u0131ndan Kula Muharip Gaziler Derne\u011fi\u2019nin de ziyaret edilmesiyle program son buldu.<\/p>\n<p>Sar\u0131g\u00f6l\u2019deki t\u00f6ren<br \/>\n<br \/>Sar\u0131g\u00f6l il\u00e7esinde de Gaziler G\u00fcn\u00fc Sar\u0131g\u00f6l H\u00fck\u00fcmet Kona\u011f\u0131 \u00f6n\u00fcnde d\u00fczenlenen t\u00f6renle kutland\u0131. Sar\u0131g\u00f6l H\u00fck\u00fcmet Kona\u011f\u0131 \u00f6n\u00fcnde yap\u0131lan t\u00f6rene Kaymakam Halil Dalak, Belediye Ba\u015fkan\u0131 Tahsin Akdeniz, daire amirleri, gaziler ve vatanda\u015flar kat\u0131ld\u0131. Sayg\u0131 duru\u015funda bulunulmas\u0131 ve \u0130stiklal Mar\u015f\u0131n\u0131n okunmas\u0131n\u0131n ard\u0131ndan \u00e7elenk sunma program\u0131na ge\u00e7ildi. G\u00fcn\u00fcn anlam ve \u00f6nemini belirten konu\u015fmay\u0131 Sar\u0131g\u00f6l Gaziler Derne\u011fi temsilcisi Mustafa Karaku\u015f yapt\u0131. \u00d6\u011frenciler taraf\u0131ndan \u015fiirlerin okundu\u011fu program\u0131n ard\u0131ndan Kaymakam Halil Dalak ve Belediye Ba\u015fkan\u0131 Tahsin Akdeniz gazileri kahvalt\u0131da a\u011f\u0131rlad\u0131.<br \/><\/p>\n","protected":false},"excerpt":{"rendered":"<p>Manisa\u2019n\u0131n Kula ve Sar\u0131g\u00f6l il\u00e7elerinde 19 Eyl\u00fcl Gaziler G\u00fcn\u00fc d\u00fczenlenen programlarla kutland\u0131. T\u00fcrkiye Cumhuriyetinin kurucusu Mustafa Kemal Atat\u00fcrk\u2019e Gazilik unvan\u0131n\u0131n verili\u015finin 104. y\u0131l\u0131nda d\u00fczenlenen Gaziler G\u00fcn\u00fc kutlamalar\u0131nda Manisa\u2019n\u0131n Kula ve Sar\u0131g\u00f6l il\u00e7elerinde d\u00fczenlenen t\u00f6renlerde gaziler unutulmad\u0131. Kula\u2019daki t\u00f6ren Manisa\u2019n\u0131n Kula il\u00e7esinde 19 Eyl\u00fcl Gaziler g\u00fcn\u00fc m\u00fcnasebetiyle kutlama program\u0131 d\u00fczenlendi. Kula\u2019da 19 Eyl\u00fcl Gaziler G\u00fcn\u00fc m\u00fcnasebetiyle&#8230;<\/p>\n","protected":false},"author":1,"featured_media":55939,"comment_status":"open","ping_status":"open","sticky":false,"template":"","format":"standard","meta":{"_crdt_document":"","footnotes":""},"categories":[1],"tags":[],"class_list":["post-55938","post","type-post","status-publish","format-standard","has-post-thumbnail","hentry","category-guncel"],"_links":{"self":[{"href":"https:\/\/www.egemtv.com\/index.php?rest_route=\/wp\/v2\/posts\/55938","targetHints":{"allow":["GET"]}}],"collection":[{"href":"https:\/\/www.egemtv.com\/index.php?rest_route=\/wp\/v2\/posts"}],"about":[{"href":"https:\/\/www.egemtv.com\/index.php?rest_route=\/wp\/v2\/types\/post"}],"author":[{"embeddable":true,"href":"https:\/\/www.egemtv.com\/index.php?rest_route=\/wp\/v2\/users\/1"}],"replies":[{"embeddable":true,"href":"https:\/\/www.egemtv.com\/index.php?rest_route=%2Fwp%2Fv2%2Fcomments&post=55938"}],"version-history":[{"count":1,"href":"https:\/\/www.egemtv.com\/index.php?rest_route=\/wp\/v2\/posts\/55938\/revisions"}],"predecessor-version":[{"id":55940,"href":"https:\/\/www.egemtv.com\/index.php?rest_route=\/wp\/v2\/posts\/55938\/revisions\/55940"}],"wp:featuredmedia":[{"embeddable":true,"href":"https:\/\/www.egemtv.com\/index.php?rest_route=\/wp\/v2\/media\/55939"}],"wp:attachment":[{"href":"https:\/\/www.egemtv.com\/index.php?rest_route=%2Fwp%2Fv2%2Fmedia&parent=55938"}],"wp:term":[{"taxonomy":"category","embeddable":true,"href":"https:\/\/www.egemtv.com\/index.php?rest_route=%2Fwp%2Fv2%2Fcategories&post=55938"},{"taxonomy":"post_tag","embeddable":true,"href":"https:\/\/www.egemtv.com\/index.php?rest_route=%2Fwp%2Fv2%2Ftags&post=55938"}],"curies":[{"name":"wp","href":"https:\/\/api.w.org\/{rel}","templated":true}]}}