{"id":55935,"date":"2025-09-19T12:35:08","date_gmt":"2025-09-19T09:35:08","guid":{"rendered":"https:\/\/www.egemtv.com\/?p=55935"},"modified":"2025-09-19T12:35:09","modified_gmt":"2025-09-19T09:35:09","slug":"ege-universitesi-kampus-ici-ulasimda-ogrencilerine-konforlu-cozumler-sunuyor","status":"publish","type":"post","link":"https:\/\/www.egemtv.com\/?p=55935","title":{"rendered":"Ege \u00dcniversitesi, kamp\u00fcs i\u00e7i ula\u015f\u0131mda \u00f6\u011frencilerine konforlu \u00e7\u00f6z\u00fcmler sunuyor"},"content":{"rendered":"<p>Ege \u00dcniversitesi, yeni e\u011fitim-\u00f6\u011fretim y\u0131l\u0131na girerken \u00f6\u011frencilerinin kamp\u00fcs i\u00e7erisinde g\u00fcvenli, h\u0131zl\u0131 ve \u00fccretsiz ula\u015f\u0131m\u0131n\u0131 sa\u011flamak amac\u0131yla ring servislerini yeniden d\u00fczenleyerek hizmete sundu. \u00d6\u011frencilerin dersliklere, laboratuvarlara, sosyal alanlara ve yurtlara eri\u015fimini kolayla\u015ft\u0131rmak, ayn\u0131 zamanda kamp\u00fcs ya\u015fam kalitesini art\u0131rmak amac\u0131yla \u00d6\u011frenci Ring Seferleri, sabah 07.45\u2019ten ak\u015fam 17.15\u2019e kadar hizmet verecek.<br \/>\n<br \/>\u00d6\u011frenci odakl\u0131 bir yakla\u015f\u0131mla, kamp\u00fcs i\u00e7i ula\u015f\u0131m\u0131n her bir \u00f6\u011frenci i\u00e7in eri\u015filebilir ve konforlu olmas\u0131n\u0131 \u00f6nemsediklerini belirten Ege \u00dcniversitesi Rekt\u00f6r\u00fc Prof. Dr. Necdet Budak, &#8220;Ege \u00dcniversitesi olarak, tam akredite ve \u00f6\u011frenci odakl\u0131 bir e\u011fitim kurumu olman\u0131n sorumlulu\u011fuyla hareket ediyoruz. \u00d6\u011frencilerimizin akademik ba\u015far\u0131lar\u0131n\u0131n yan\u0131 s\u0131ra, kamp\u00fcs ya\u015famlar\u0131n\u0131n da huzurlu ve g\u00fcvenli ge\u00e7mesi i\u00e7in \u00e7aba g\u00f6steriyoruz. Bu kapsamda, kamp\u00fcs i\u00e7i ring servislerimizi \u00fccretsiz \u015fekilde, g\u00fczergahlar\u0131n\u0131 \u00f6\u011frencilerimizin ihtiya\u00e7lar\u0131na g\u00f6re optimize ederek hizmete sunduk. \u00d6\u011frencilerimiz, sabah 7.45\u2019ten ak\u015fam 17.15\u2019e kadar ring seferlerinden yararlanabilecekler. Ege \u00dcniversitesi ailesi olarak her zaman \u00f6\u011frencilerimizin yan\u0131nda olmaya devam edece\u011fiz&#8221; dedi.<br \/>\n<br \/>\u00d6\u011frencilerin ihtiya\u00e7lar\u0131na g\u00f6re dizayn edilen g\u00fczerg\u00e2hta; \u00d6\u011frenci K\u00f6y\u00fc, Laboratuvar Hayvanlar\u0131 Uygulama ve Ara\u015ft\u0131rma Merkezi, Di\u015f Hekimli\u011fi Fak\u00fcltesi, \u015eelale, Kamp\u00fcs Giri\u015fi, 15 Temmuz An\u0131t\u0131, Elektrik-Elektronik M\u00fchendisli\u011fi, Tekstil M\u00fchendisli\u011fi ve Kredi Yurtlar Kurumu duraklar\u0131 bulunuyor.<br \/><\/p>\n","protected":false},"excerpt":{"rendered":"<p>Ege \u00dcniversitesi, yeni e\u011fitim-\u00f6\u011fretim y\u0131l\u0131na girerken \u00f6\u011frencilerinin kamp\u00fcs i\u00e7erisinde g\u00fcvenli, h\u0131zl\u0131 ve \u00fccretsiz ula\u015f\u0131m\u0131n\u0131 sa\u011flamak amac\u0131yla ring servislerini yeniden d\u00fczenleyerek hizmete sundu. \u00d6\u011frencilerin dersliklere, laboratuvarlara, sosyal alanlara ve yurtlara eri\u015fimini kolayla\u015ft\u0131rmak, ayn\u0131 zamanda kamp\u00fcs ya\u015fam kalitesini art\u0131rmak amac\u0131yla \u00d6\u011frenci Ring Seferleri, sabah 07.45\u2019ten ak\u015fam 17.15\u2019e kadar hizmet verecek. \u00d6\u011frenci odakl\u0131 bir yakla\u015f\u0131mla, kamp\u00fcs i\u00e7i ula\u015f\u0131m\u0131n&#8230;<\/p>\n","protected":false},"author":1,"featured_media":55936,"comment_status":"open","ping_status":"open","sticky":false,"template":"","format":"standard","meta":{"_crdt_document":"","footnotes":""},"categories":[1],"tags":[],"class_list":["post-55935","post","type-post","status-publish","format-standard","has-post-thumbnail","hentry","category-guncel"],"_links":{"self":[{"href":"https:\/\/www.egemtv.com\/index.php?rest_route=\/wp\/v2\/posts\/55935","targetHints":{"allow":["GET"]}}],"collection":[{"href":"https:\/\/www.egemtv.com\/index.php?rest_route=\/wp\/v2\/posts"}],"about":[{"href":"https:\/\/www.egemtv.com\/index.php?rest_route=\/wp\/v2\/types\/post"}],"author":[{"embeddable":true,"href":"https:\/\/www.egemtv.com\/index.php?rest_route=\/wp\/v2\/users\/1"}],"replies":[{"embeddable":true,"href":"https:\/\/www.egemtv.com\/index.php?rest_route=%2Fwp%2Fv2%2Fcomments&post=55935"}],"version-history":[{"count":1,"href":"https:\/\/www.egemtv.com\/index.php?rest_route=\/wp\/v2\/posts\/55935\/revisions"}],"predecessor-version":[{"id":55937,"href":"https:\/\/www.egemtv.com\/index.php?rest_route=\/wp\/v2\/posts\/55935\/revisions\/55937"}],"wp:featuredmedia":[{"embeddable":true,"href":"https:\/\/www.egemtv.com\/index.php?rest_route=\/wp\/v2\/media\/55936"}],"wp:attachment":[{"href":"https:\/\/www.egemtv.com\/index.php?rest_route=%2Fwp%2Fv2%2Fmedia&parent=55935"}],"wp:term":[{"taxonomy":"category","embeddable":true,"href":"https:\/\/www.egemtv.com\/index.php?rest_route=%2Fwp%2Fv2%2Fcategories&post=55935"},{"taxonomy":"post_tag","embeddable":true,"href":"https:\/\/www.egemtv.com\/index.php?rest_route=%2Fwp%2Fv2%2Ftags&post=55935"}],"curies":[{"name":"wp","href":"https:\/\/api.w.org\/{rel}","templated":true}]}}