{"id":55932,"date":"2025-09-19T12:35:07","date_gmt":"2025-09-19T09:35:07","guid":{"rendered":"https:\/\/www.egemtv.com\/?p=55932"},"modified":"2025-09-19T12:35:08","modified_gmt":"2025-09-19T09:35:08","slug":"yunusemrede-sampiyonluk-coskusu-birlik-ve-beraberlikle-taclandi","status":"publish","type":"post","link":"https:\/\/www.egemtv.com\/?p=55932","title":{"rendered":"Yunusemre\u2019de \u015fampiyonluk co\u015fkusu birlik ve beraberlikle ta\u00e7land\u0131"},"content":{"rendered":"<p>T\u00fcrkiye \u015eampiyonu olan Yunusemre Belediyespor U17 Futbol Tak\u0131m\u0131, S\u00fcreyya Tabiat Park\u0131\u2019nda d\u00fczenlenen organizasyonda bir araya gelerek \u015fampiyonluk kutlamas\u0131 yapt\u0131.<br \/>\n<br \/>T\u00fcrkiye \u015eampiyonu olan Yunusemre Belediyespor U17 Futbol Tak\u0131m\u0131, \u015fampiyonluk organizasyonunda bir araya geldi. S\u00fcreyya Tabiat Park\u0131\u2019nda ger\u00e7ekle\u015ftirilen etkinlikte \u015fampiyonluk co\u015fkusu birlik ve beraberlik i\u00e7inde ya\u015fand\u0131. Programa; Yunusemre Belediye Ba\u015fkan\u0131 Semih Balaban, Belediye Ba\u015fkan Yard\u0131mc\u0131lar\u0131 Hakan G\u00fcrtunca, Emine \u00d6zge Arslan, Haydar \u0130zci, Kul\u00fcp Ba\u015fkan\u0131 B\u00fclent Kanik ve y\u00f6neticiler, MAYEB Genel M\u00fcd\u00fcr\u00fc \u0130lhan D\u00fczenli, Organizasyon A\u015e Genel M\u00fcd\u00fcr\u00fc Cahit Kaplan, CHP Yunusemre \u0130l\u00e7e Ba\u015fkan\u0131 Yal\u00e7\u0131n Arcak ve sporcu aileleri kat\u0131ld\u0131.<br \/>\n<br \/>Yunusemre Belediye Ba\u015fkan\u0131 Semih Balaban, yapt\u0131\u011f\u0131 konu\u015fmada \u015fampiyonlu\u011fun Manisa\u2019da tarihi bir ba\u015far\u0131 oldu\u011funu vurgularken, altyap\u0131ya verdikleri \u00f6nemin s\u00fcrece\u011fini ve gen\u00e7lere her zaman destek olacaklar\u0131n\u0131 belirtti. Ba\u015fkan Balaban \u015funlar\u0131 s\u00f6yledi: &#8220;Bu b\u00fcy\u00fck gururu bizlere ya\u015fatan gen\u00e7 futbolcular\u0131m\u0131z\u0131, teknik heyetimizi ve eme\u011fi ge\u00e7en herkesi kutluyorum. En b\u00fcy\u00fck te\u015fekk\u00fcr ise \u00e7ocuklar\u0131n\u0131n yan\u0131nda duran, onlar\u0131n geli\u015fimine katk\u0131 sa\u011flayan ailelerimize. Altyap\u0131ya \u00f6nem vermeye devam edece\u011fiz, gen\u00e7lerimizin yeteneklerini destekleyerek daha b\u00fcy\u00fck ba\u015far\u0131lar\u0131n \u00f6n\u00fcn\u00fc a\u00e7aca\u011f\u0131z.&#8221;<br \/>\n<br \/>\u015eampiyon futbolculara verilen prim s\u00f6z\u00fc de Ba\u015flarsan \u0130n\u015faat sponsorlu\u011funda yerine getirilerek t\u00fcm ekibe takdim edildi. Futbolcular ve aileler, bu anlaml\u0131 jest i\u00e7in te\u015fekk\u00fcrlerini iletti.<br \/><\/p>\n","protected":false},"excerpt":{"rendered":"<p>T\u00fcrkiye \u015eampiyonu olan Yunusemre Belediyespor U17 Futbol Tak\u0131m\u0131, S\u00fcreyya Tabiat Park\u0131\u2019nda d\u00fczenlenen organizasyonda bir araya gelerek \u015fampiyonluk kutlamas\u0131 yapt\u0131. T\u00fcrkiye \u015eampiyonu olan Yunusemre Belediyespor U17 Futbol Tak\u0131m\u0131, \u015fampiyonluk organizasyonunda bir araya geldi. S\u00fcreyya Tabiat Park\u0131\u2019nda ger\u00e7ekle\u015ftirilen etkinlikte \u015fampiyonluk co\u015fkusu birlik ve beraberlik i\u00e7inde ya\u015fand\u0131. Programa; Yunusemre Belediye Ba\u015fkan\u0131 Semih Balaban, Belediye Ba\u015fkan Yard\u0131mc\u0131lar\u0131 Hakan G\u00fcrtunca,&#8230;<\/p>\n","protected":false},"author":1,"featured_media":55933,"comment_status":"open","ping_status":"open","sticky":false,"template":"","format":"standard","meta":{"_crdt_document":"","footnotes":""},"categories":[4],"tags":[],"class_list":["post-55932","post","type-post","status-publish","format-standard","has-post-thumbnail","hentry","category-spor"],"_links":{"self":[{"href":"https:\/\/www.egemtv.com\/index.php?rest_route=\/wp\/v2\/posts\/55932","targetHints":{"allow":["GET"]}}],"collection":[{"href":"https:\/\/www.egemtv.com\/index.php?rest_route=\/wp\/v2\/posts"}],"about":[{"href":"https:\/\/www.egemtv.com\/index.php?rest_route=\/wp\/v2\/types\/post"}],"author":[{"embeddable":true,"href":"https:\/\/www.egemtv.com\/index.php?rest_route=\/wp\/v2\/users\/1"}],"replies":[{"embeddable":true,"href":"https:\/\/www.egemtv.com\/index.php?rest_route=%2Fwp%2Fv2%2Fcomments&post=55932"}],"version-history":[{"count":1,"href":"https:\/\/www.egemtv.com\/index.php?rest_route=\/wp\/v2\/posts\/55932\/revisions"}],"predecessor-version":[{"id":55934,"href":"https:\/\/www.egemtv.com\/index.php?rest_route=\/wp\/v2\/posts\/55932\/revisions\/55934"}],"wp:featuredmedia":[{"embeddable":true,"href":"https:\/\/www.egemtv.com\/index.php?rest_route=\/wp\/v2\/media\/55933"}],"wp:attachment":[{"href":"https:\/\/www.egemtv.com\/index.php?rest_route=%2Fwp%2Fv2%2Fmedia&parent=55932"}],"wp:term":[{"taxonomy":"category","embeddable":true,"href":"https:\/\/www.egemtv.com\/index.php?rest_route=%2Fwp%2Fv2%2Fcategories&post=55932"},{"taxonomy":"post_tag","embeddable":true,"href":"https:\/\/www.egemtv.com\/index.php?rest_route=%2Fwp%2Fv2%2Ftags&post=55932"}],"curies":[{"name":"wp","href":"https:\/\/api.w.org\/{rel}","templated":true}]}}