{"id":55926,"date":"2025-09-19T12:15:06","date_gmt":"2025-09-19T09:15:06","guid":{"rendered":"https:\/\/www.egemtv.com\/?p=55926"},"modified":"2025-09-19T12:15:06","modified_gmt":"2025-09-19T09:15:06","slug":"muglada-19-eylul-gaziler-gunu-etkinligi","status":"publish","type":"post","link":"https:\/\/www.egemtv.com\/?p=55926","title":{"rendered":"Mu\u011fla\u2019da 19 Eyl\u00fcl Gaziler G\u00fcn\u00fc etkinli\u011fi"},"content":{"rendered":"<p>Mu\u011fla\u2019n\u0131n Mente\u015fe il\u00e7esinde \u2019Kahramanlarla Karde\u015flik Yolunda\u2019 slogan\u0131yla ger\u00e7ekle\u015fen Gaziler G\u00fcn\u00fc etkinlikleri, y\u00fcr\u00fcy\u00fc\u015f ve \u00e7elenk sunma t\u00f6reniyle tamamland\u0131.<br \/>\n<br \/>Mu\u011fla\u2019n\u0131n Mente\u015fe il\u00e7esinde 19 Eyl\u00fcl Gaziler G\u00fcn\u00fc dolay\u0131s\u0131yla d\u00fczenlenen y\u00fcr\u00fcy\u00fc\u015f ve \u00e7elenk sunma t\u00f6reni b\u00fcy\u00fck bir kat\u0131l\u0131mla ger\u00e7ekle\u015ftirildi. Gaziler, \u015fehit aileleri, \u00f6\u011frenciler ve vatanda\u015flar bu anlaml\u0131 g\u00fcnde bir araya geldi.<br \/>\n<br \/>Etkinlikler, Olgunla\u015fma Enstit\u00fcs\u00fc \u00f6n\u00fcnden \u2019Kahramanlarla Karde\u015flik Yolunda\u2019 slogan\u0131yla ba\u015flayan y\u00fcr\u00fcy\u00fc\u015fle ba\u015flad\u0131. Co\u015fkulu y\u00fcr\u00fcy\u00fc\u015f, Cumhuriyet Meydan\u0131\u2019nda sona erdi. Burada Valilik, Garnizon Komutanl\u0131\u011f\u0131, Mu\u011fla B\u00fcy\u00fck\u015fehir Belediyesi ile T\u00fcrkiye Harp Malul\u00fc Gaziler, \u015eehit Dul ve Yetimleri Derne\u011fi yetkilileri Atat\u00fcrk An\u0131t\u0131\u2019na \u00e7elenk sundu. Ard\u0131ndan Sayg\u0131 duru\u015fu ve \u0130stiklal Maa\u015f\u0131 okundu.<br \/>\n<br \/>T\u00f6rene; Mu\u011fla Vali Yard\u0131mc\u0131s\u0131 H\u00fcseyin Karame\u015fe, Garnizon Komutan\u0131 Koramiral Rafet Oktar, Mente\u015fe Kaymakam\u0131 Mehmet Eri\u015f, Mu\u011fla B\u00fcy\u00fck\u015fehir Belediye Ba\u015fkan\u0131 Ahmet Aras, Mente\u015fe Belediye Ba\u015fkan\u0131 Gonca K\u00f6ksal, siyasi parti temsilcileri, kurum amirleri ve \u00f6\u011frenciler kat\u0131ld\u0131.<br \/>\n<br \/>Programda konu\u015fan Mu\u011fla \u015eehit Aileleri Yard\u0131mla\u015fma ve Dayan\u0131\u015fma Derne\u011fi Ba\u015fkan\u0131 ve K\u0131br\u0131s Gazisi S\u00fcleyman Ta\u015fkesen, gazilik onuruna ve minnet duygusuna dikkat \u00e7ekti. Ta\u015fkesen, &#8220;G\u00f6\u011fs\u00fcm\u00fczde ta\u015f\u0131d\u0131\u011f\u0131m\u0131z onurlu madalyalar\u0131n korkusuz ve cesur \u00f6yk\u00fclerinin himayesinde gururla topland\u0131k. 19 Eyl\u00fcl Gaziler G\u00fcn\u00fc kutlu olsun. Biz \u00f6yle b\u00fcy\u00fck, \u00f6yle kadim bir milletin evlatlar\u0131y\u0131z ki; tarih boyunca 7\u2019den 70\u2019e kutsal vatan topra\u011f\u0131 i\u00e7in verilen her m\u00fccadelede, \u2018\u00f6l\u00fcrsem \u015fehit, kal\u0131rsam gazi olurum\u2019 diyerek \u015fehadete ko\u015fmu\u015f bir milletin \u00e7ocuklar\u0131y\u0131z. \u00c7\u00fcnk\u00fc bizi sava\u015f\u0131n bombalar\u0131 korkutamaz. Bizi d\u00fc\u015fman\u0131n namlusu durduramaz. Bir kere \u00f6lsem bu millet i\u00e7in, bu bayrak i\u00e7in bin kere dirilirim diyen kahramanlar\u0131n miras\u00e7\u0131lar\u0131y\u0131z. Peygambere kom\u015fu olmak i\u00e7in can atanlar\u0131z. Ba\u015fta Gazi Mustafa Kemal Atat\u00fcrk olmak \u00fczere t\u00fcm silah arkada\u015flar\u0131n\u0131, aziz \u015fehitlerimizi ve ebediyete intikal etmi\u015f kahraman gazilerimizi sayg\u0131, rahmet ve minnetle an\u0131yorum. Bug\u00fcn hayatta olan gazi karde\u015flerime de sa\u011fl\u0131kl\u0131, mutlu ve onurlu bir ya\u015fam diliyorum&#8221; dedi.<br \/><\/p>\n","protected":false},"excerpt":{"rendered":"<p>Mu\u011fla\u2019n\u0131n Mente\u015fe il\u00e7esinde \u2019Kahramanlarla Karde\u015flik Yolunda\u2019 slogan\u0131yla ger\u00e7ekle\u015fen Gaziler G\u00fcn\u00fc etkinlikleri, y\u00fcr\u00fcy\u00fc\u015f ve \u00e7elenk sunma t\u00f6reniyle tamamland\u0131. Mu\u011fla\u2019n\u0131n Mente\u015fe il\u00e7esinde 19 Eyl\u00fcl Gaziler G\u00fcn\u00fc dolay\u0131s\u0131yla d\u00fczenlenen y\u00fcr\u00fcy\u00fc\u015f ve \u00e7elenk sunma t\u00f6reni b\u00fcy\u00fck bir kat\u0131l\u0131mla ger\u00e7ekle\u015ftirildi. Gaziler, \u015fehit aileleri, \u00f6\u011frenciler ve vatanda\u015flar bu anlaml\u0131 g\u00fcnde bir araya geldi. Etkinlikler, Olgunla\u015fma Enstit\u00fcs\u00fc \u00f6n\u00fcnden \u2019Kahramanlarla Karde\u015flik Yolunda\u2019 slogan\u0131yla&#8230;<\/p>\n","protected":false},"author":1,"featured_media":55927,"comment_status":"open","ping_status":"open","sticky":false,"template":"","format":"standard","meta":{"_crdt_document":"","footnotes":""},"categories":[123],"tags":[],"class_list":["post-55926","post","type-post","status-publish","format-standard","has-post-thumbnail","hentry","category-gundem"],"_links":{"self":[{"href":"https:\/\/www.egemtv.com\/index.php?rest_route=\/wp\/v2\/posts\/55926","targetHints":{"allow":["GET"]}}],"collection":[{"href":"https:\/\/www.egemtv.com\/index.php?rest_route=\/wp\/v2\/posts"}],"about":[{"href":"https:\/\/www.egemtv.com\/index.php?rest_route=\/wp\/v2\/types\/post"}],"author":[{"embeddable":true,"href":"https:\/\/www.egemtv.com\/index.php?rest_route=\/wp\/v2\/users\/1"}],"replies":[{"embeddable":true,"href":"https:\/\/www.egemtv.com\/index.php?rest_route=%2Fwp%2Fv2%2Fcomments&post=55926"}],"version-history":[{"count":1,"href":"https:\/\/www.egemtv.com\/index.php?rest_route=\/wp\/v2\/posts\/55926\/revisions"}],"predecessor-version":[{"id":55928,"href":"https:\/\/www.egemtv.com\/index.php?rest_route=\/wp\/v2\/posts\/55926\/revisions\/55928"}],"wp:featuredmedia":[{"embeddable":true,"href":"https:\/\/www.egemtv.com\/index.php?rest_route=\/wp\/v2\/media\/55927"}],"wp:attachment":[{"href":"https:\/\/www.egemtv.com\/index.php?rest_route=%2Fwp%2Fv2%2Fmedia&parent=55926"}],"wp:term":[{"taxonomy":"category","embeddable":true,"href":"https:\/\/www.egemtv.com\/index.php?rest_route=%2Fwp%2Fv2%2Fcategories&post=55926"},{"taxonomy":"post_tag","embeddable":true,"href":"https:\/\/www.egemtv.com\/index.php?rest_route=%2Fwp%2Fv2%2Ftags&post=55926"}],"curies":[{"name":"wp","href":"https:\/\/api.w.org\/{rel}","templated":true}]}}