{"id":55923,"date":"2025-09-19T12:15:04","date_gmt":"2025-09-19T09:15:04","guid":{"rendered":"https:\/\/www.egemtv.com\/?p=55923"},"modified":"2025-09-19T12:15:05","modified_gmt":"2025-09-19T09:15:05","slug":"koycegiz-yangininda-alevler-binalara-sicradi","status":"publish","type":"post","link":"https:\/\/www.egemtv.com\/?p=55923","title":{"rendered":"K\u00f6yce\u011fiz yang\u0131n\u0131nda alevler binalara s\u0131\u00e7rad\u0131"},"content":{"rendered":"<p>Mu\u011fla\u2019n\u0131n K\u00f6yce\u011fiz il\u00e7esinde ge\u00e7e saatlerinde ba\u015flayan ve devam eden orman yang\u0131n\u0131 r\u00fczg\u00e2r\u0131n da etkisi ile yay\u0131larak devam ediyor.<br \/>\n<br \/>Mu\u011fla genelinde \u015fiddetli r\u00fczgar etkisini artt\u0131r\u0131rken, K\u00f6yce\u011fiz Akk\u00f6pr\u00fc mevkiinde \u00e7\u0131k\u0131\u015f nedeni tespit edilemeyen orman yang\u0131n\u0131na kara ve havadan ekiplerin t\u00fcm m\u00fcdahalesine ra\u011fmen devam ediyor. Yang\u0131n \u00f6zellikle P\u0131nar ve Sazak Mahallelerinde yerle\u015fim yerlerini tehdit etmeye ba\u015flad\u0131.<br \/>\n<br \/>B\u00f6lgede depo olarak kullan\u0131lan binalara s\u0131\u00e7rayan alevler bina i\u00e7indeki malzemeleri tamamen yakarken, ekiplerin karadan ve havadan m\u00fcdahalesi devam ediyor.<br \/><\/p>\n","protected":false},"excerpt":{"rendered":"<p>Mu\u011fla\u2019n\u0131n K\u00f6yce\u011fiz il\u00e7esinde ge\u00e7e saatlerinde ba\u015flayan ve devam eden orman yang\u0131n\u0131 r\u00fczg\u00e2r\u0131n da etkisi ile yay\u0131larak devam ediyor. Mu\u011fla genelinde \u015fiddetli r\u00fczgar etkisini artt\u0131r\u0131rken, K\u00f6yce\u011fiz Akk\u00f6pr\u00fc mevkiinde \u00e7\u0131k\u0131\u015f nedeni tespit edilemeyen orman yang\u0131n\u0131na kara ve havadan ekiplerin t\u00fcm m\u00fcdahalesine ra\u011fmen devam ediyor. Yang\u0131n \u00f6zellikle P\u0131nar ve Sazak Mahallelerinde yerle\u015fim yerlerini tehdit etmeye ba\u015flad\u0131. B\u00f6lgede depo&#8230;<\/p>\n","protected":false},"author":1,"featured_media":55924,"comment_status":"open","ping_status":"open","sticky":false,"template":"","format":"standard","meta":{"_crdt_document":"","footnotes":""},"categories":[5],"tags":[],"class_list":["post-55923","post","type-post","status-publish","format-standard","has-post-thumbnail","hentry","category-asayis"],"_links":{"self":[{"href":"https:\/\/www.egemtv.com\/index.php?rest_route=\/wp\/v2\/posts\/55923","targetHints":{"allow":["GET"]}}],"collection":[{"href":"https:\/\/www.egemtv.com\/index.php?rest_route=\/wp\/v2\/posts"}],"about":[{"href":"https:\/\/www.egemtv.com\/index.php?rest_route=\/wp\/v2\/types\/post"}],"author":[{"embeddable":true,"href":"https:\/\/www.egemtv.com\/index.php?rest_route=\/wp\/v2\/users\/1"}],"replies":[{"embeddable":true,"href":"https:\/\/www.egemtv.com\/index.php?rest_route=%2Fwp%2Fv2%2Fcomments&post=55923"}],"version-history":[{"count":1,"href":"https:\/\/www.egemtv.com\/index.php?rest_route=\/wp\/v2\/posts\/55923\/revisions"}],"predecessor-version":[{"id":55925,"href":"https:\/\/www.egemtv.com\/index.php?rest_route=\/wp\/v2\/posts\/55923\/revisions\/55925"}],"wp:featuredmedia":[{"embeddable":true,"href":"https:\/\/www.egemtv.com\/index.php?rest_route=\/wp\/v2\/media\/55924"}],"wp:attachment":[{"href":"https:\/\/www.egemtv.com\/index.php?rest_route=%2Fwp%2Fv2%2Fmedia&parent=55923"}],"wp:term":[{"taxonomy":"category","embeddable":true,"href":"https:\/\/www.egemtv.com\/index.php?rest_route=%2Fwp%2Fv2%2Fcategories&post=55923"},{"taxonomy":"post_tag","embeddable":true,"href":"https:\/\/www.egemtv.com\/index.php?rest_route=%2Fwp%2Fv2%2Ftags&post=55923"}],"curies":[{"name":"wp","href":"https:\/\/api.w.org\/{rel}","templated":true}]}}