{"id":55920,"date":"2025-09-19T12:15:03","date_gmt":"2025-09-19T09:15:03","guid":{"rendered":"https:\/\/www.egemtv.com\/?p=55920"},"modified":"2025-09-19T12:15:04","modified_gmt":"2025-09-19T09:15:04","slug":"tar-ve-orman-mudurlugu-personellerine-yonelik-egitim-verildi","status":"publish","type":"post","link":"https:\/\/www.egemtv.com\/?p=55920","title":{"rendered":"Tar ve Orman M\u00fcd\u00fcrl\u00fc\u011f\u00fc personellerine y\u00f6nelik e\u011fitim verildi"},"content":{"rendered":"<p>Afyonkarahisar \u0130l Tar\u0131m ve Orman M\u00fcd\u00fcrl\u00fc\u011f\u00fc personellerine tar\u0131mla ilgili e\u011fitim verildi.<br \/>\n<br \/>Ger\u00e7ekle\u015ftirilen e\u011fitim faaliyeti ile ilgili kurumun sosyal medya hesab\u0131ndan yap\u0131lan yaz\u0131l\u0131 a\u00e7\u0131klamada, &#8220;\u0130l m\u00fcd\u00fcrl\u00fc\u011f\u00fcm\u00fcz toplant\u0131 salonunda Ege \u00dcniversitesi Ziraat Fak\u00fcltesi Tar\u0131m Ekonomisi B\u00f6l\u00fcm\u00fc \u00d6\u011fretim \u00dcyesi Prof. Dr. Murat Boyac\u0131 taraf\u0131ndan il ve il\u00e7e personelimize \u2019Afyonkarahisar\u2019da Tar\u0131msal Yay\u0131m ve \u00c7ift\u00e7iler, Sunum Teknikleri ile Bilgi ve \u0130novasyon\u2019 konular\u0131nda e\u011fitim verildi.<br \/>\n<br \/>\u0130l m\u00fcd\u00fcrl\u00fc\u011f\u00fcm\u00fcz personeline vermi\u015f oldu\u011funuz de\u011ferli bilgilerden dolay\u0131 te\u015fekk\u00fcr ederiz&#8221; ifadeler ne yer verildi.<br \/><\/p>\n","protected":false},"excerpt":{"rendered":"<p>Afyonkarahisar \u0130l Tar\u0131m ve Orman M\u00fcd\u00fcrl\u00fc\u011f\u00fc personellerine tar\u0131mla ilgili e\u011fitim verildi. Ger\u00e7ekle\u015ftirilen e\u011fitim faaliyeti ile ilgili kurumun sosyal medya hesab\u0131ndan yap\u0131lan yaz\u0131l\u0131 a\u00e7\u0131klamada, &#8220;\u0130l m\u00fcd\u00fcrl\u00fc\u011f\u00fcm\u00fcz toplant\u0131 salonunda Ege \u00dcniversitesi Ziraat Fak\u00fcltesi Tar\u0131m Ekonomisi B\u00f6l\u00fcm\u00fc \u00d6\u011fretim \u00dcyesi Prof. Dr. Murat Boyac\u0131 taraf\u0131ndan il ve il\u00e7e personelimize \u2019Afyonkarahisar\u2019da Tar\u0131msal Yay\u0131m ve \u00c7ift\u00e7iler, Sunum Teknikleri ile Bilgi ve&#8230;<\/p>\n","protected":false},"author":1,"featured_media":55921,"comment_status":"open","ping_status":"open","sticky":false,"template":"","format":"standard","meta":{"_crdt_document":"","footnotes":""},"categories":[1],"tags":[],"class_list":["post-55920","post","type-post","status-publish","format-standard","has-post-thumbnail","hentry","category-guncel"],"_links":{"self":[{"href":"https:\/\/www.egemtv.com\/index.php?rest_route=\/wp\/v2\/posts\/55920","targetHints":{"allow":["GET"]}}],"collection":[{"href":"https:\/\/www.egemtv.com\/index.php?rest_route=\/wp\/v2\/posts"}],"about":[{"href":"https:\/\/www.egemtv.com\/index.php?rest_route=\/wp\/v2\/types\/post"}],"author":[{"embeddable":true,"href":"https:\/\/www.egemtv.com\/index.php?rest_route=\/wp\/v2\/users\/1"}],"replies":[{"embeddable":true,"href":"https:\/\/www.egemtv.com\/index.php?rest_route=%2Fwp%2Fv2%2Fcomments&post=55920"}],"version-history":[{"count":1,"href":"https:\/\/www.egemtv.com\/index.php?rest_route=\/wp\/v2\/posts\/55920\/revisions"}],"predecessor-version":[{"id":55922,"href":"https:\/\/www.egemtv.com\/index.php?rest_route=\/wp\/v2\/posts\/55920\/revisions\/55922"}],"wp:featuredmedia":[{"embeddable":true,"href":"https:\/\/www.egemtv.com\/index.php?rest_route=\/wp\/v2\/media\/55921"}],"wp:attachment":[{"href":"https:\/\/www.egemtv.com\/index.php?rest_route=%2Fwp%2Fv2%2Fmedia&parent=55920"}],"wp:term":[{"taxonomy":"category","embeddable":true,"href":"https:\/\/www.egemtv.com\/index.php?rest_route=%2Fwp%2Fv2%2Fcategories&post=55920"},{"taxonomy":"post_tag","embeddable":true,"href":"https:\/\/www.egemtv.com\/index.php?rest_route=%2Fwp%2Fv2%2Ftags&post=55920"}],"curies":[{"name":"wp","href":"https:\/\/api.w.org\/{rel}","templated":true}]}}