{"id":55917,"date":"2025-09-19T12:15:01","date_gmt":"2025-09-19T09:15:01","guid":{"rendered":"https:\/\/www.egemtv.com\/?p=55917"},"modified":"2025-09-19T12:15:02","modified_gmt":"2025-09-19T09:15:02","slug":"izmirde-kahraman-gazilerin-gurur-gunu","status":"publish","type":"post","link":"https:\/\/www.egemtv.com\/?p=55917","title":{"rendered":"\u0130zmir\u2019de kahraman gazilerin gurur g\u00fcn\u00fc"},"content":{"rendered":"<p>19 Eyl\u00fcl Gaziler G\u00fcn\u00fc etkinlikleri kapsam\u0131nda \u0130zmir\u2019de &#8220;Kahramanlarla Karde\u015flik Yolunda 19 Eyl\u00fcl Gaziler G\u00fcn\u00fc Y\u00fcr\u00fcy\u00fc\u015f\u00fc&#8221; ger\u00e7ekle\u015ftirildi.<br \/>\n<br \/>Gaziler G\u00fcn\u00fc kutlamalar\u0131 \u0130zmir\u2019de, Cumhuriyet Meydan\u0131\u2019nda yap\u0131lan \u00e7elenk sunma t\u00f6reni ile ba\u015flad\u0131. \u0130zmir Valili\u011fi taraf\u0131ndan ger\u00e7ekle\u015ftirilen t\u00f6rene \u0130zmir Valisi Dr. S\u00fcleyman Elban\u2019\u0131n yan\u0131 s\u0131ra \u0130zmir B\u00fcy\u00fck\u015fehir Belediye Ba\u015fkan\u0131 Dr. Cemil Tugay ve T\u00fcrkiye Muharip Gaziler Derne\u011fi \u0130zmir \u015eube Ba\u015fkan\u0131 Gazi Orhan Ayd\u0131n kat\u0131l\u0131m g\u00f6sterdi.<br \/>\n<br \/>Konak Atat\u00fcrk Meydan\u0131\u2019nda saat 10.30\u2019da ba\u015flayan &#8220;Kahramanlarla Karde\u015flik Yolunda 19 Eyl\u00fcl Gaziler G\u00fcn\u00fc Y\u00fcr\u00fcy\u00fc\u015f\u00fc&#8221; ise \u0130zmir Valisi S\u00fcleyman Elban, gaziler, \u00f6\u011frenciler ve vatanda\u015flar\u0131n kat\u0131l\u0131m\u0131yla ger\u00e7ekle\u015fti. Kat\u0131l\u0131mc\u0131lar, ellerinde T\u00fcrk bayraklar\u0131yla Cumhuriyet Meydan\u0131\u2019na kadar y\u00fcr\u00fcrken bando tak\u0131m\u0131 da mar\u015flar \u00e7ald\u0131.<br \/><\/p>\n","protected":false},"excerpt":{"rendered":"<p>19 Eyl\u00fcl Gaziler G\u00fcn\u00fc etkinlikleri kapsam\u0131nda \u0130zmir\u2019de &#8220;Kahramanlarla Karde\u015flik Yolunda 19 Eyl\u00fcl Gaziler G\u00fcn\u00fc Y\u00fcr\u00fcy\u00fc\u015f\u00fc&#8221; ger\u00e7ekle\u015ftirildi. Gaziler G\u00fcn\u00fc kutlamalar\u0131 \u0130zmir\u2019de, Cumhuriyet Meydan\u0131\u2019nda yap\u0131lan \u00e7elenk sunma t\u00f6reni ile ba\u015flad\u0131. \u0130zmir Valili\u011fi taraf\u0131ndan ger\u00e7ekle\u015ftirilen t\u00f6rene \u0130zmir Valisi Dr. S\u00fcleyman Elban\u2019\u0131n yan\u0131 s\u0131ra \u0130zmir B\u00fcy\u00fck\u015fehir Belediye Ba\u015fkan\u0131 Dr. Cemil Tugay ve T\u00fcrkiye Muharip Gaziler Derne\u011fi \u0130zmir \u015eube Ba\u015fkan\u0131&#8230;<\/p>\n","protected":false},"author":1,"featured_media":55918,"comment_status":"open","ping_status":"open","sticky":false,"template":"","format":"standard","meta":{"_crdt_document":"","footnotes":""},"categories":[1],"tags":[],"class_list":["post-55917","post","type-post","status-publish","format-standard","has-post-thumbnail","hentry","category-guncel"],"_links":{"self":[{"href":"https:\/\/www.egemtv.com\/index.php?rest_route=\/wp\/v2\/posts\/55917","targetHints":{"allow":["GET"]}}],"collection":[{"href":"https:\/\/www.egemtv.com\/index.php?rest_route=\/wp\/v2\/posts"}],"about":[{"href":"https:\/\/www.egemtv.com\/index.php?rest_route=\/wp\/v2\/types\/post"}],"author":[{"embeddable":true,"href":"https:\/\/www.egemtv.com\/index.php?rest_route=\/wp\/v2\/users\/1"}],"replies":[{"embeddable":true,"href":"https:\/\/www.egemtv.com\/index.php?rest_route=%2Fwp%2Fv2%2Fcomments&post=55917"}],"version-history":[{"count":1,"href":"https:\/\/www.egemtv.com\/index.php?rest_route=\/wp\/v2\/posts\/55917\/revisions"}],"predecessor-version":[{"id":55919,"href":"https:\/\/www.egemtv.com\/index.php?rest_route=\/wp\/v2\/posts\/55917\/revisions\/55919"}],"wp:featuredmedia":[{"embeddable":true,"href":"https:\/\/www.egemtv.com\/index.php?rest_route=\/wp\/v2\/media\/55918"}],"wp:attachment":[{"href":"https:\/\/www.egemtv.com\/index.php?rest_route=%2Fwp%2Fv2%2Fmedia&parent=55917"}],"wp:term":[{"taxonomy":"category","embeddable":true,"href":"https:\/\/www.egemtv.com\/index.php?rest_route=%2Fwp%2Fv2%2Fcategories&post=55917"},{"taxonomy":"post_tag","embeddable":true,"href":"https:\/\/www.egemtv.com\/index.php?rest_route=%2Fwp%2Fv2%2Ftags&post=55917"}],"curies":[{"name":"wp","href":"https:\/\/api.w.org\/{rel}","templated":true}]}}