{"id":55914,"date":"2025-09-19T12:14:59","date_gmt":"2025-09-19T09:14:59","guid":{"rendered":"https:\/\/www.egemtv.com\/?p=55914"},"modified":"2025-09-19T12:15:01","modified_gmt":"2025-09-19T09:15:01","slug":"emette-tarim-ve-egitim-bulusmasi","status":"publish","type":"post","link":"https:\/\/www.egemtv.com\/?p=55914","title":{"rendered":"Emet\u2019te tar\u0131m ve e\u011fitim bulu\u015fmas\u0131"},"content":{"rendered":"<p>K\u00fctahya\u2019n\u0131n Emet il\u00e7esinde &#8220;Meyve veren fidanlar, mutlu \u00e7ocuklar&#8221; isimli etkinlik ile tar\u0131m ve e\u011fitim bulu\u015fmas\u0131 ger\u00e7ekle\u015ftirildi.<br \/>\n<br \/>\u0130l\u00e7e Tar\u0131m ve Orman M\u00fcd\u00fcrl\u00fc\u011f\u00fc ile \u0130l\u00e7e Milli E\u011fitim M\u00fcd\u00fcrl\u00fc\u011f\u00fc i\u015f birli\u011finde d\u00fczenlenen etkinlik kapsam\u0131nda, 3 Eyl\u00fcl \u0130lkokulu \u00f6\u011frencileriyle birlikte kiraz ve vi\u015fne fidanlar\u0131 \u00f6\u011fretici y\u00f6ntemlerle toprakla bulu\u015fturuldu.<br \/>\n<br \/>Daha sonra s\u0131n\u0131flarda \u00f6\u011frencilerin sorular\u0131 yan\u0131tlanarak sa\u011fl\u0131kl\u0131 g\u0131da t\u00fcketimi konusunda bilgilendirme yap\u0131ld\u0131 ve meyve t\u00fcketiminin \u00f6nemine dikkat \u00e7ekmek amac\u0131yla \u00f6\u011frencilere muz ikram edildi.<br \/>\n<br \/>Etkinli\u011fe Emet \u0130l\u00e7e Tar\u0131m ve Orman M\u00fcd\u00fcr\u00fc Mehmet Co\u015fkun ile Emet \u0130l\u00e7e Mill\u00ee E\u011fitim M\u00fcd\u00fcr\u00fc Bilal \u015een de kat\u0131ld\u0131.<br \/><\/p>\n","protected":false},"excerpt":{"rendered":"<p>K\u00fctahya\u2019n\u0131n Emet il\u00e7esinde &#8220;Meyve veren fidanlar, mutlu \u00e7ocuklar&#8221; isimli etkinlik ile tar\u0131m ve e\u011fitim bulu\u015fmas\u0131 ger\u00e7ekle\u015ftirildi. \u0130l\u00e7e Tar\u0131m ve Orman M\u00fcd\u00fcrl\u00fc\u011f\u00fc ile \u0130l\u00e7e Milli E\u011fitim M\u00fcd\u00fcrl\u00fc\u011f\u00fc i\u015f birli\u011finde d\u00fczenlenen etkinlik kapsam\u0131nda, 3 Eyl\u00fcl \u0130lkokulu \u00f6\u011frencileriyle birlikte kiraz ve vi\u015fne fidanlar\u0131 \u00f6\u011fretici y\u00f6ntemlerle toprakla bulu\u015fturuldu. Daha sonra s\u0131n\u0131flarda \u00f6\u011frencilerin sorular\u0131 yan\u0131tlanarak sa\u011fl\u0131kl\u0131 g\u0131da t\u00fcketimi konusunda bilgilendirme&#8230;<\/p>\n","protected":false},"author":1,"featured_media":55915,"comment_status":"open","ping_status":"open","sticky":false,"template":"","format":"standard","meta":{"_crdt_document":"","footnotes":""},"categories":[125],"tags":[],"class_list":["post-55914","post","type-post","status-publish","format-standard","has-post-thumbnail","hentry","category-ekonomi"],"_links":{"self":[{"href":"https:\/\/www.egemtv.com\/index.php?rest_route=\/wp\/v2\/posts\/55914","targetHints":{"allow":["GET"]}}],"collection":[{"href":"https:\/\/www.egemtv.com\/index.php?rest_route=\/wp\/v2\/posts"}],"about":[{"href":"https:\/\/www.egemtv.com\/index.php?rest_route=\/wp\/v2\/types\/post"}],"author":[{"embeddable":true,"href":"https:\/\/www.egemtv.com\/index.php?rest_route=\/wp\/v2\/users\/1"}],"replies":[{"embeddable":true,"href":"https:\/\/www.egemtv.com\/index.php?rest_route=%2Fwp%2Fv2%2Fcomments&post=55914"}],"version-history":[{"count":1,"href":"https:\/\/www.egemtv.com\/index.php?rest_route=\/wp\/v2\/posts\/55914\/revisions"}],"predecessor-version":[{"id":55916,"href":"https:\/\/www.egemtv.com\/index.php?rest_route=\/wp\/v2\/posts\/55914\/revisions\/55916"}],"wp:featuredmedia":[{"embeddable":true,"href":"https:\/\/www.egemtv.com\/index.php?rest_route=\/wp\/v2\/media\/55915"}],"wp:attachment":[{"href":"https:\/\/www.egemtv.com\/index.php?rest_route=%2Fwp%2Fv2%2Fmedia&parent=55914"}],"wp:term":[{"taxonomy":"category","embeddable":true,"href":"https:\/\/www.egemtv.com\/index.php?rest_route=%2Fwp%2Fv2%2Fcategories&post=55914"},{"taxonomy":"post_tag","embeddable":true,"href":"https:\/\/www.egemtv.com\/index.php?rest_route=%2Fwp%2Fv2%2Ftags&post=55914"}],"curies":[{"name":"wp","href":"https:\/\/api.w.org\/{rel}","templated":true}]}}