{"id":55911,"date":"2025-09-19T11:54:46","date_gmt":"2025-09-19T08:54:46","guid":{"rendered":"https:\/\/www.egemtv.com\/?p=55911"},"modified":"2025-09-19T11:54:47","modified_gmt":"2025-09-19T08:54:47","slug":"manisali-kahraman-gaziler-kardeslik-yolunda-yurudu","status":"publish","type":"post","link":"https:\/\/www.egemtv.com\/?p=55911","title":{"rendered":"Manisal\u0131 kahraman gaziler karde\u015flik yolunda y\u00fcr\u00fcd\u00fc"},"content":{"rendered":"<p>Manisa\u2019da, \u2019Kahramanlarla Karde\u015flik Yolunda 19 Eyl\u00fcl Gaziler G\u00fcn\u00fc Y\u00fcr\u00fcy\u00fc\u015f\u00fc\u2019 ile ba\u015flayan 19 Eyl\u00fcl Gaziler G\u00fcn\u00fc kutlamalar\u0131nda konu\u015fan T\u00fcrkiye Muharip Gaziler Derne\u011fi Manisa \u015eube Ba\u015fkan\u0131 Aptullah Karaka\u015f, &#8220;Sizler en b\u00fcy\u00fck Gazi Mustafa Kemal Atat\u00fcrk\u2019\u00fcn ya\u015fayan birer temsilcilerisiniz. Sizler \u015fehitlerimiz ile birlikte cumhuriyetimizin teminat\u0131 temel ta\u015flar\u0131s\u0131n\u0131z. Gururla ta\u015f\u0131d\u0131\u011f\u0131n\u0131z gazi unvan\u0131 atam\u0131zdan biz gazilerimize intikal eden en b\u00fcy\u00fck mirast\u0131r.&#8221; dedi.<br \/>\n<br \/>Manisa\u2019da Gaziler G\u00fcn\u00fc kutlamalar\u0131 &#8220;Kahramanlarla Karde\u015flik Yolunda 19 Eyl\u00fcl Gaziler G\u00fcn\u00fc Y\u00fcr\u00fcy\u00fc\u015f\u00fc&#8221; ile ba\u015flad\u0131. \u015eehzadeler il\u00e7esindeki 15 Temmuz Demokrasi Meydan\u0131nda ba\u015flayan ve Cumhuriyet Meydan\u0131na kadar mehter tak\u0131m\u0131n\u0131n mar\u015flar\u0131 e\u015fli\u011finde y\u00fcr\u00fcyen Manisal\u0131 gazilere, Manisa Vali Yard\u0131mc\u0131s\u0131 Fatih Aksoy ve Manisa B\u00fcy\u00fck\u015fehir Belediye Ba\u015fkan\u0131 Besim Dutlulu da e\u015flik etti. Cumhuriyet Meydan\u0131na gelen korteji Manisa Valisi Vahdettin \u00d6zkan valilik \u00f6n\u00fcnde kar\u015f\u0131lad\u0131ktan sonra Atat\u00fcrk ve Milli Egemenlik An\u0131t\u0131 \u00f6n\u00fcndeki t\u00f6rene ge\u00e7ildi.<br \/>\n<br \/>Cumhuriyet Meydan\u0131ndaki t\u00f6ren \u00e7elenk sunumunun ard\u0131ndan sayg\u0131 duru\u015funda bulunulmas\u0131 ve \u0130stiklal Mar\u015f\u0131n\u0131n okunmas\u0131yla devam ederken, programda g\u00fcn\u00fcn anlam ve \u00f6nemini belirten konu\u015fmay\u0131 T\u00fcrkiye Muharip Gaziler Derne\u011fi Manisa \u015eube Ba\u015fkan\u0131 Aptullah Karaka\u015f ger\u00e7ekle\u015ftirdi. Karaka\u015f yapt\u0131\u011f\u0131 konu\u015fmas\u0131nda, &#8220;19 Eyl\u00fcl Gaziler G\u00fcn\u00fc muharebe meydanlar\u0131nda canlar\u0131n\u0131 ortaya koyarak sava\u015fan fedakar kahraman gazilerimizin \u015feref ve kahramanl\u0131k g\u00fcn\u00fcd\u00fcr. Kahraman gaziler, gaziler g\u00fcn\u00fcn\u00fcz kutlu olsun. Sizler en b\u00fcy\u00fck Gazi Mustafa Kemal Atat\u00fcrk\u2019\u00fcn ya\u015fayan birer temsilcilerisiniz. Sizler \u015fehitlerimiz ile birlikte cumhuriyetimizin teminat\u0131 temel ta\u015flar\u0131s\u0131n\u0131z. Gururla ta\u015f\u0131d\u0131\u011f\u0131n\u0131z gazi unvan\u0131 atam\u0131zdan biz gazilerimize intikal eden en b\u00fcy\u00fck mirast\u0131r. Asil T\u00fcrk milletinin ba\u011fr\u0131ndan \u00e7\u0131kan kahraman T\u00fcrk ordusu d\u00fcn oldu\u011fu gibi yar\u0131n da vatan\u0131m\u0131z\u0131n h\u00fcrriyet ve ba\u011f\u0131ms\u0131zl\u0131\u011f\u0131m\u0131z\u0131n en b\u00fcy\u00fck dayana\u011f\u0131d\u0131r. Tarihin her d\u00f6neminde h\u00fcr ya\u015famay\u0131 ba\u011f\u0131ms\u0131zl\u0131\u011fa ve istiklalini can\u0131 pahas\u0131na korumay\u0131 ilke edinen aziz milletimiz bu u\u011furda \u015fehit ve gazi olmay\u0131 b\u00fcy\u00fck bir onur ve gurur kayna\u011f\u0131 saym\u0131\u015ft\u0131r. Aziz milletimizin bu topraklar \u00fczerinde varolu\u015f m\u00fccadelesinin \u015fifresi \u2019\u00d6l\u00fcrsem \u015fehit kal\u0131rsam gazi\u2019 ifadesinde sakl\u0131d\u0131r. 19 Eyl\u00fcl Gaziler G\u00fcn\u00fc m\u00fcnasebetiyle Gazi Mustafa Kemal Atat\u00fcrk\u2019\u00fc ve silah arkada\u015flar\u0131n\u0131, aram\u0131zdan ayr\u0131lan t\u00fcm gazilerimizi, \u00c7anakkale, Kurtulu\u015f Sava\u015f\u0131, Kore, K\u0131br\u0131s, G\u00fcneydo\u011fu ter\u00f6r \u015fehitlerini, 15 Temmuz gazilerini, cumhuriyetin ba\u011f\u0131ms\u0131zl\u0131\u011f\u0131 i\u00e7in topra\u011fa d\u00fc\u015fen t\u00fcm \u015fehitlerimizi T\u00fcrkiye Muharip Gaziler Derne\u011fi Manisa \u015eubesi olarak rahmetle an\u0131yor, hayatta olan kahraman gazilerimize sa\u011fl\u0131k ve esenlikler diliyorum.&#8221; ifadelerini kulland\u0131.<br \/>\n<br \/>Yap\u0131lan konu\u015fman\u0131n ard\u0131ndan Manisa B\u00fcy\u00fck\u015fehir Belediyesi Halk Oyunlar\u0131 Toplulu\u011fu taraf\u0131ndan Ege B\u00f6lgesi oyunlar\u0131 ile program tamamland\u0131.<br \/>\n<br \/>Programa kat\u0131lan gazi derneklerinin \u00fcyeleri ve ba\u015fkanlar\u0131 daha sonra Manisa Valisi Vahdettin \u00d6zkan taraf\u0131ndan valilik makam\u0131nda a\u011f\u0131rland\u0131.<br \/><\/p>\n","protected":false},"excerpt":{"rendered":"<p>Manisa\u2019da, \u2019Kahramanlarla Karde\u015flik Yolunda 19 Eyl\u00fcl Gaziler G\u00fcn\u00fc Y\u00fcr\u00fcy\u00fc\u015f\u00fc\u2019 ile ba\u015flayan 19 Eyl\u00fcl Gaziler G\u00fcn\u00fc kutlamalar\u0131nda konu\u015fan T\u00fcrkiye Muharip Gaziler Derne\u011fi Manisa \u015eube Ba\u015fkan\u0131 Aptullah Karaka\u015f, &#8220;Sizler en b\u00fcy\u00fck Gazi Mustafa Kemal Atat\u00fcrk\u2019\u00fcn ya\u015fayan birer temsilcilerisiniz. Sizler \u015fehitlerimiz ile birlikte cumhuriyetimizin teminat\u0131 temel ta\u015flar\u0131s\u0131n\u0131z. Gururla ta\u015f\u0131d\u0131\u011f\u0131n\u0131z gazi unvan\u0131 atam\u0131zdan biz gazilerimize intikal eden en b\u00fcy\u00fck&#8230;<\/p>\n","protected":false},"author":1,"featured_media":55912,"comment_status":"open","ping_status":"open","sticky":false,"template":"","format":"standard","meta":{"_crdt_document":"","footnotes":""},"categories":[1],"tags":[],"class_list":["post-55911","post","type-post","status-publish","format-standard","has-post-thumbnail","hentry","category-guncel"],"_links":{"self":[{"href":"https:\/\/www.egemtv.com\/index.php?rest_route=\/wp\/v2\/posts\/55911","targetHints":{"allow":["GET"]}}],"collection":[{"href":"https:\/\/www.egemtv.com\/index.php?rest_route=\/wp\/v2\/posts"}],"about":[{"href":"https:\/\/www.egemtv.com\/index.php?rest_route=\/wp\/v2\/types\/post"}],"author":[{"embeddable":true,"href":"https:\/\/www.egemtv.com\/index.php?rest_route=\/wp\/v2\/users\/1"}],"replies":[{"embeddable":true,"href":"https:\/\/www.egemtv.com\/index.php?rest_route=%2Fwp%2Fv2%2Fcomments&post=55911"}],"version-history":[{"count":1,"href":"https:\/\/www.egemtv.com\/index.php?rest_route=\/wp\/v2\/posts\/55911\/revisions"}],"predecessor-version":[{"id":55913,"href":"https:\/\/www.egemtv.com\/index.php?rest_route=\/wp\/v2\/posts\/55911\/revisions\/55913"}],"wp:featuredmedia":[{"embeddable":true,"href":"https:\/\/www.egemtv.com\/index.php?rest_route=\/wp\/v2\/media\/55912"}],"wp:attachment":[{"href":"https:\/\/www.egemtv.com\/index.php?rest_route=%2Fwp%2Fv2%2Fmedia&parent=55911"}],"wp:term":[{"taxonomy":"category","embeddable":true,"href":"https:\/\/www.egemtv.com\/index.php?rest_route=%2Fwp%2Fv2%2Fcategories&post=55911"},{"taxonomy":"post_tag","embeddable":true,"href":"https:\/\/www.egemtv.com\/index.php?rest_route=%2Fwp%2Fv2%2Ftags&post=55911"}],"curies":[{"name":"wp","href":"https:\/\/api.w.org\/{rel}","templated":true}]}}