{"id":55908,"date":"2025-09-19T11:35:23","date_gmt":"2025-09-19T08:35:23","guid":{"rendered":"https:\/\/www.egemtv.com\/?p=55908"},"modified":"2025-09-19T11:35:24","modified_gmt":"2025-09-19T08:35:24","slug":"milasta-151-zeytin-agaci-dogal-saksi-yontemiyle-yeni-yerlerine-tasindi","status":"publish","type":"post","link":"https:\/\/www.egemtv.com\/?p=55908","title":{"rendered":"Milas\u2019ta 151 zeytin a\u011fac\u0131 do\u011fal saks\u0131 y\u00f6ntemiyle yeni yerlerine ta\u015f\u0131nd\u0131"},"content":{"rendered":"<p>Mu\u011fla\u2019n\u0131n Milas il\u00e7esinde maden sahalar\u0131nda kalan 151 zeytin a\u011fac\u0131, Ankara \u00dcniversitesi \u00f6nc\u00fcl\u00fc\u011f\u00fcnde y\u00fcr\u00fct\u00fclen bilimsel \u00e7al\u0131\u015fma kapsam\u0131nda do\u011fal saks\u0131 y\u00f6ntemiyle yeni yerlerine ta\u015f\u0131nd\u0131. Ta\u015f\u0131nan a\u011fa\u00e7lar, k\u00f6yl\u00fcler, muhtarlar ve yerel bas\u0131n\u0131n kat\u0131ld\u0131\u011f\u0131 saha ziyaretiyle yerinde incelendi.<br \/>\n<br \/>Ankara \u00dcniversitesi Teknokent b\u00fcnyesinde y\u00fcr\u00fct\u00fclen Ar-Ge \u00e7al\u0131\u015fmas\u0131n\u0131n ard\u0131ndan Milas\u2019ta 151 zeytin a\u011fac\u0131 bilimsel y\u00f6ntemlerle yeni yuvalar\u0131na aktar\u0131ld\u0131. Muhtarlar Dan\u0131\u015fma Kurulu, b\u00f6lge halk\u0131 ve bas\u0131n\u0131n \u015feffaf \u015fekilde takip etti\u011fi s\u00fcre\u00e7, T\u00fcrkiye\u2019de zeytin a\u011fa\u00e7lar\u0131n\u0131n madencilik faaliyetleri s\u0131ras\u0131nda korunabilece\u011fini ortaya koyan ilk \u00f6rneklerden biri oldu.<br \/>\n<br \/>4 A\u011fustos 2025\u2019te MAPEG taraf\u0131ndan yay\u0131mlanan &#8220;Maden Kanunu\u2019nun Ge\u00e7ici 45. Maddesinin Uygulanmas\u0131na Dair Usul ve Esaslar&#8221; sonras\u0131nda ba\u015flayan ta\u015f\u0131malar kapsam\u0131nda a\u011fustos ay\u0131nda nakledilen 9 zeytin a\u011fac\u0131n\u0131n y\u00fczde 100 oran\u0131nda tuttu\u011fu raporlanm\u0131\u015ft\u0131.<\/p>\n<p>K\u00f6yl\u00fclerden yan\u0131t<br \/>\n<br \/>Ta\u015f\u0131ma sonras\u0131 sahay\u0131 ziyaret eden k\u00f6yl\u00fcler, zeytinlerin kesildi\u011fi y\u00f6n\u00fcndeki iddialara cevap verdi. Kalemk\u00f6yl\u00fc Ay\u015fe Y\u0131lmaz, &#8220;Zeytin a\u011fa\u00e7lar\u0131 yok oldu deniyordu. Geldik g\u00f6rd\u00fck; hepsi ta\u015f\u0131nm\u0131\u015f, \u00e7ok g\u00fczel olmu\u015f. Bundan sonras\u0131 sulamas\u0131na kalm\u0131\u015f&#8221; dedi.<br \/>\n<br \/>\u0130kizk\u00f6yl\u00fc Seda \u015eahin ise \u00e7al\u0131\u015fmaya duydu\u011fu g\u00fcveni vurgulayarak, &#8220;A\u011fa\u00e7lar\u0131m\u0131z\u0131 kesmiyorsunuz, m\u00fccadele edip ta\u015f\u0131yorsunuz. \u0130nsanlara da g\u00f6sterin&#8221; diye konu\u015ftu. \u015eenay Duman da, &#8220;Depoya kilitlediler deniyordu, biz g\u00f6rd\u00fck zeytinler toprakta, s\u00fcrg\u00fcn bile vermi\u015f&#8221; ifadelerini kulland\u0131.<\/p>\n<p>Do\u011fal saks\u0131 y\u00f6ntemi<br \/>\n<br \/>Ankara \u00dcniversitesi Ziraat Fak\u00fcltesi \u00d6\u011fretim \u00dcyesi Prof. Dr. M\u00fccahit Taha \u00d6zkaya, &#8220;Do\u011fal saks\u0131 y\u00f6ntemiyle \u00e7al\u0131\u015f\u0131yoruz. 2 metre \u00e7ap\u0131nda, 2 metre derinli\u011finde \u00e7ukurlar a\u00e7\u0131p i\u00e7ine organik har\u00e7 kar\u0131\u015ft\u0131r\u0131yoruz. Ah\u0131r g\u00fcbresiyle besleniyor, biotar\u0131ml\u0131 suyla sulan\u0131yor. Bu y\u00f6ntemle y\u00fczde 100 ba\u015far\u0131 sa\u011fl\u0131yoruz. A\u011fustos ay\u0131nda ta\u015f\u0131yabildiysek, y\u0131l\u0131n 365 g\u00fcn\u00fc ta\u015f\u0131yabiliriz&#8221; dedi.<br \/>\n<br \/>Prof. Dr. \u00d6zkaya, ta\u015f\u0131nan a\u011fa\u00e7lar\u0131n tamam\u0131n\u0131n ya\u015fam\u0131n\u0131 s\u00fcrd\u00fcrece\u011fini ve s\u00fcrecin d\u00fczenli olarak kontrol edilerek kamuoyuyla payla\u015f\u0131laca\u011f\u0131n\u0131 belirtti.<br \/><\/p>\n","protected":false},"excerpt":{"rendered":"<p>Mu\u011fla\u2019n\u0131n Milas il\u00e7esinde maden sahalar\u0131nda kalan 151 zeytin a\u011fac\u0131, Ankara \u00dcniversitesi \u00f6nc\u00fcl\u00fc\u011f\u00fcnde y\u00fcr\u00fct\u00fclen bilimsel \u00e7al\u0131\u015fma kapsam\u0131nda do\u011fal saks\u0131 y\u00f6ntemiyle yeni yerlerine ta\u015f\u0131nd\u0131. Ta\u015f\u0131nan a\u011fa\u00e7lar, k\u00f6yl\u00fcler, muhtarlar ve yerel bas\u0131n\u0131n kat\u0131ld\u0131\u011f\u0131 saha ziyaretiyle yerinde incelendi. Ankara \u00dcniversitesi Teknokent b\u00fcnyesinde y\u00fcr\u00fct\u00fclen Ar-Ge \u00e7al\u0131\u015fmas\u0131n\u0131n ard\u0131ndan Milas\u2019ta 151 zeytin a\u011fac\u0131 bilimsel y\u00f6ntemlerle yeni yuvalar\u0131na aktar\u0131ld\u0131. Muhtarlar Dan\u0131\u015fma Kurulu, b\u00f6lge&#8230;<\/p>\n","protected":false},"author":1,"featured_media":55909,"comment_status":"open","ping_status":"open","sticky":false,"template":"","format":"standard","meta":{"_crdt_document":"","footnotes":""},"categories":[1],"tags":[],"class_list":["post-55908","post","type-post","status-publish","format-standard","has-post-thumbnail","hentry","category-guncel"],"_links":{"self":[{"href":"https:\/\/www.egemtv.com\/index.php?rest_route=\/wp\/v2\/posts\/55908","targetHints":{"allow":["GET"]}}],"collection":[{"href":"https:\/\/www.egemtv.com\/index.php?rest_route=\/wp\/v2\/posts"}],"about":[{"href":"https:\/\/www.egemtv.com\/index.php?rest_route=\/wp\/v2\/types\/post"}],"author":[{"embeddable":true,"href":"https:\/\/www.egemtv.com\/index.php?rest_route=\/wp\/v2\/users\/1"}],"replies":[{"embeddable":true,"href":"https:\/\/www.egemtv.com\/index.php?rest_route=%2Fwp%2Fv2%2Fcomments&post=55908"}],"version-history":[{"count":1,"href":"https:\/\/www.egemtv.com\/index.php?rest_route=\/wp\/v2\/posts\/55908\/revisions"}],"predecessor-version":[{"id":55910,"href":"https:\/\/www.egemtv.com\/index.php?rest_route=\/wp\/v2\/posts\/55908\/revisions\/55910"}],"wp:featuredmedia":[{"embeddable":true,"href":"https:\/\/www.egemtv.com\/index.php?rest_route=\/wp\/v2\/media\/55909"}],"wp:attachment":[{"href":"https:\/\/www.egemtv.com\/index.php?rest_route=%2Fwp%2Fv2%2Fmedia&parent=55908"}],"wp:term":[{"taxonomy":"category","embeddable":true,"href":"https:\/\/www.egemtv.com\/index.php?rest_route=%2Fwp%2Fv2%2Fcategories&post=55908"},{"taxonomy":"post_tag","embeddable":true,"href":"https:\/\/www.egemtv.com\/index.php?rest_route=%2Fwp%2Fv2%2Ftags&post=55908"}],"curies":[{"name":"wp","href":"https:\/\/api.w.org\/{rel}","templated":true}]}}