{"id":55905,"date":"2025-09-19T11:35:22","date_gmt":"2025-09-19T08:35:22","guid":{"rendered":"https:\/\/www.egemtv.com\/?p=55905"},"modified":"2025-09-19T11:35:23","modified_gmt":"2025-09-19T08:35:23","slug":"aslanapada-kadin-ciftciler-icin-teknik-gezi-duzenlendi","status":"publish","type":"post","link":"https:\/\/www.egemtv.com\/?p=55905","title":{"rendered":"Aslanapa\u2019da kad\u0131n \u00e7ift\u00e7iler i\u00e7in teknik gezi d\u00fczenlendi"},"content":{"rendered":"<p>Aslanapa il\u00e7esinde kad\u0131n \u00e7ift\u00e7iler i\u00e7in, Seki\u00f6ren k\u00f6y\u00fc ve Domani\u00e7 il\u00e7esinde faaliyet g\u00f6steren kad\u0131n kooperatiflerine teknik gezi d\u00fczenlendi.<br \/>\n<br \/>\u0130l Tar\u0131m ve Orman M\u00fcd\u00fcrl\u00fc\u011f\u00fcnce Aslanapa il\u00e7esine ba\u011fl\u0131 Yaln\u0131zsaray Mahallesindeki kad\u0131n \u00e7ift\u00e7ilere y\u00f6nelik, Merkez Seki\u00f6ren K\u00f6y\u00fc ve Domani\u00e7 il\u00e7esinde faaliyet g\u00f6steren kad\u0131n kooperatiflerine d\u00fczenlenen teknik gezide tarladan sofraya \u00fcretimin her a\u015famas\u0131nda emek veren \u00fcreticilerle bilgi ve tecr\u00fcbe payla\u015f\u0131m\u0131nda bulunuldu.<br \/>\n<br \/>Yetkililer, kad\u0131n \u00e7ift\u00e7ilerin \u00fcretimdeki rol\u00fcn\u00fc ve g\u00fcc\u00fcn\u00fc desteklemeye devam ettiklerini belirttiler.<br \/><\/p>\n","protected":false},"excerpt":{"rendered":"<p>Aslanapa il\u00e7esinde kad\u0131n \u00e7ift\u00e7iler i\u00e7in, Seki\u00f6ren k\u00f6y\u00fc ve Domani\u00e7 il\u00e7esinde faaliyet g\u00f6steren kad\u0131n kooperatiflerine teknik gezi d\u00fczenlendi. \u0130l Tar\u0131m ve Orman M\u00fcd\u00fcrl\u00fc\u011f\u00fcnce Aslanapa il\u00e7esine ba\u011fl\u0131 Yaln\u0131zsaray Mahallesindeki kad\u0131n \u00e7ift\u00e7ilere y\u00f6nelik, Merkez Seki\u00f6ren K\u00f6y\u00fc ve Domani\u00e7 il\u00e7esinde faaliyet g\u00f6steren kad\u0131n kooperatiflerine d\u00fczenlenen teknik gezide tarladan sofraya \u00fcretimin her a\u015famas\u0131nda emek veren \u00fcreticilerle bilgi ve tecr\u00fcbe payla\u015f\u0131m\u0131nda&#8230;<\/p>\n","protected":false},"author":1,"featured_media":55906,"comment_status":"open","ping_status":"open","sticky":false,"template":"","format":"standard","meta":{"_crdt_document":"","footnotes":""},"categories":[125],"tags":[],"class_list":["post-55905","post","type-post","status-publish","format-standard","has-post-thumbnail","hentry","category-ekonomi"],"_links":{"self":[{"href":"https:\/\/www.egemtv.com\/index.php?rest_route=\/wp\/v2\/posts\/55905","targetHints":{"allow":["GET"]}}],"collection":[{"href":"https:\/\/www.egemtv.com\/index.php?rest_route=\/wp\/v2\/posts"}],"about":[{"href":"https:\/\/www.egemtv.com\/index.php?rest_route=\/wp\/v2\/types\/post"}],"author":[{"embeddable":true,"href":"https:\/\/www.egemtv.com\/index.php?rest_route=\/wp\/v2\/users\/1"}],"replies":[{"embeddable":true,"href":"https:\/\/www.egemtv.com\/index.php?rest_route=%2Fwp%2Fv2%2Fcomments&post=55905"}],"version-history":[{"count":1,"href":"https:\/\/www.egemtv.com\/index.php?rest_route=\/wp\/v2\/posts\/55905\/revisions"}],"predecessor-version":[{"id":55907,"href":"https:\/\/www.egemtv.com\/index.php?rest_route=\/wp\/v2\/posts\/55905\/revisions\/55907"}],"wp:featuredmedia":[{"embeddable":true,"href":"https:\/\/www.egemtv.com\/index.php?rest_route=\/wp\/v2\/media\/55906"}],"wp:attachment":[{"href":"https:\/\/www.egemtv.com\/index.php?rest_route=%2Fwp%2Fv2%2Fmedia&parent=55905"}],"wp:term":[{"taxonomy":"category","embeddable":true,"href":"https:\/\/www.egemtv.com\/index.php?rest_route=%2Fwp%2Fv2%2Fcategories&post=55905"},{"taxonomy":"post_tag","embeddable":true,"href":"https:\/\/www.egemtv.com\/index.php?rest_route=%2Fwp%2Fv2%2Ftags&post=55905"}],"curies":[{"name":"wp","href":"https:\/\/api.w.org\/{rel}","templated":true}]}}