{"id":55902,"date":"2025-09-19T11:14:41","date_gmt":"2025-09-19T08:14:41","guid":{"rendered":"https:\/\/www.egemtv.com\/?p=55902"},"modified":"2025-09-19T11:14:42","modified_gmt":"2025-09-19T08:14:42","slug":"muglada-ekipler-3-bolgede-alevlerle-mucadele-ediyor","status":"publish","type":"post","link":"https:\/\/www.egemtv.com\/?p=55902","title":{"rendered":"Mu\u011fla\u2019da ekipler 3 b\u00f6lgede alevlerle m\u00fccadele ediyor"},"content":{"rendered":"<p>Mu\u011fla\u2019da 7 b\u00f6lgede \u00e7\u0131kan orman yang\u0131nlar\u0131n\u0131n 4\u2019\u00fc kontrol alt\u0131na al\u0131n\u0131rken, 3 b\u00f6lgede s\u00f6nd\u00fcrme \u00e7al\u0131\u015fmalar\u0131 devam ediyor.<br \/>\n<br \/>Mu\u011fla\u2019da d\u00fcn gece saatlerinden itibaren art arda ba\u015flayan 7 ayr\u0131 yang\u0131ndan devam eden 3 orman yang\u0131n\u0131n\u0131 s\u00f6nd\u00fcrme \u00e7al\u0131\u015fmalar\u0131 g\u00fcn\u00fcn a\u011farmas\u0131yla birlikte hava deste\u011fi ile devam ediyor. Milas K\u0131y\u0131k\u0131\u015flac\u0131k, Akkovanl\u0131k ve K\u00f6yce\u011fiz Akk\u00f6pr\u00fc b\u00f6lgesindeki orman yang\u0131nlar\u0131na ekiplerin m\u00fcdahalesi s\u00fcr\u00fcyor. Vatanda\u015flar\u0131n ve sivil toplum kurulu\u015fu temsilcilerinin de destek verdi\u011fi s\u00f6nd\u00fcrme \u00e7al\u0131\u015fmalar\u0131 havadan ve karadan s\u00fcrd\u00fcr\u00fcl\u00fcyor. Milas Akkovanl\u0131k yang\u0131n\u0131 s\u00f6nd\u00fcrme \u00e7al\u0131\u015fmalar\u0131na 22 araz\u00f6z, 7 su tankeri, 4 dozer, 160 personel ve 4 helikopter, Milas K\u0131y\u0131k\u0131\u015flac\u0131k yang\u0131n\u0131na 11 araz\u00f6z, 5 su tankeri, 3 helikopter, 2 u\u00e7ak ve 80 personel ve K\u00f6yce\u011fiz Akk\u00f6pr\u00fc\u2019de s\u00f6nd\u00fcrme \u00e7al\u0131\u015fmalar\u0131na da 28 araz\u00f6z, 9 su tankeri, 3 dozer, 3 helikopter, 5 u\u00e7ak ve 170 personel kat\u0131l\u0131yor. Ekiplerin kontrol alt\u0131na almak i\u00e7in yo\u011fun \u00e7aba sarf etti\u011fi Milas\u2019taki iki yang\u0131n\u0131n etkisini yitirdi\u011fi, zaman zaman etkili olan \u015fiddetli r\u00fczgar\u0131n \u00e7al\u0131\u015fmalar\u0131 olumsuz etkiledi\u011fi \u00f6\u011frenildi.<br \/><\/p>\n","protected":false},"excerpt":{"rendered":"<p>Mu\u011fla\u2019da 7 b\u00f6lgede \u00e7\u0131kan orman yang\u0131nlar\u0131n\u0131n 4\u2019\u00fc kontrol alt\u0131na al\u0131n\u0131rken, 3 b\u00f6lgede s\u00f6nd\u00fcrme \u00e7al\u0131\u015fmalar\u0131 devam ediyor. Mu\u011fla\u2019da d\u00fcn gece saatlerinden itibaren art arda ba\u015flayan 7 ayr\u0131 yang\u0131ndan devam eden 3 orman yang\u0131n\u0131n\u0131 s\u00f6nd\u00fcrme \u00e7al\u0131\u015fmalar\u0131 g\u00fcn\u00fcn a\u011farmas\u0131yla birlikte hava deste\u011fi ile devam ediyor. Milas K\u0131y\u0131k\u0131\u015flac\u0131k, Akkovanl\u0131k ve K\u00f6yce\u011fiz Akk\u00f6pr\u00fc b\u00f6lgesindeki orman yang\u0131nlar\u0131na ekiplerin m\u00fcdahalesi s\u00fcr\u00fcyor. Vatanda\u015flar\u0131n&#8230;<\/p>\n","protected":false},"author":1,"featured_media":55903,"comment_status":"open","ping_status":"open","sticky":false,"template":"","format":"standard","meta":{"_crdt_document":"","footnotes":""},"categories":[5],"tags":[],"class_list":["post-55902","post","type-post","status-publish","format-standard","has-post-thumbnail","hentry","category-asayis"],"_links":{"self":[{"href":"https:\/\/www.egemtv.com\/index.php?rest_route=\/wp\/v2\/posts\/55902","targetHints":{"allow":["GET"]}}],"collection":[{"href":"https:\/\/www.egemtv.com\/index.php?rest_route=\/wp\/v2\/posts"}],"about":[{"href":"https:\/\/www.egemtv.com\/index.php?rest_route=\/wp\/v2\/types\/post"}],"author":[{"embeddable":true,"href":"https:\/\/www.egemtv.com\/index.php?rest_route=\/wp\/v2\/users\/1"}],"replies":[{"embeddable":true,"href":"https:\/\/www.egemtv.com\/index.php?rest_route=%2Fwp%2Fv2%2Fcomments&post=55902"}],"version-history":[{"count":1,"href":"https:\/\/www.egemtv.com\/index.php?rest_route=\/wp\/v2\/posts\/55902\/revisions"}],"predecessor-version":[{"id":55904,"href":"https:\/\/www.egemtv.com\/index.php?rest_route=\/wp\/v2\/posts\/55902\/revisions\/55904"}],"wp:featuredmedia":[{"embeddable":true,"href":"https:\/\/www.egemtv.com\/index.php?rest_route=\/wp\/v2\/media\/55903"}],"wp:attachment":[{"href":"https:\/\/www.egemtv.com\/index.php?rest_route=%2Fwp%2Fv2%2Fmedia&parent=55902"}],"wp:term":[{"taxonomy":"category","embeddable":true,"href":"https:\/\/www.egemtv.com\/index.php?rest_route=%2Fwp%2Fv2%2Fcategories&post=55902"},{"taxonomy":"post_tag","embeddable":true,"href":"https:\/\/www.egemtv.com\/index.php?rest_route=%2Fwp%2Fv2%2Ftags&post=55902"}],"curies":[{"name":"wp","href":"https:\/\/api.w.org\/{rel}","templated":true}]}}