{"id":55899,"date":"2025-09-19T11:14:40","date_gmt":"2025-09-19T08:14:40","guid":{"rendered":"https:\/\/www.egemtv.com\/?p=55899"},"modified":"2025-09-19T11:14:41","modified_gmt":"2025-09-19T08:14:41","slug":"seferihisar-aciklarinda-41-duzensiz-gocmen-kurtarildi","status":"publish","type":"post","link":"https:\/\/www.egemtv.com\/?p=55899","title":{"rendered":"Seferihisar a\u00e7\u0131klar\u0131nda 41 d\u00fczensiz g\u00f6\u00e7men kurtar\u0131ld\u0131"},"content":{"rendered":"<p>\u0130zmir\u2019in Seferihisar il\u00e7esi a\u00e7\u0131klar\u0131nda lastik bottaki 41 d\u00fczensiz g\u00f6\u00e7men Sahil G\u00fcvenlik ekiplerince kurtar\u0131ld\u0131.<br \/>\n<br \/>Sahil G\u00fcvenlik Botlar\u0131 TCSG-35 ve KB-22, \u00f6nceki g\u00fcn saat 07.30 s\u0131ralar\u0131nda, Seferihisar a\u00e7\u0131klar\u0131nda lastik botta bir grup d\u00fczensiz g\u00f6\u00e7men oldu\u011fu bilgisi \u00fczerine harekete ge\u00e7ti. Ekipler, Yunanistan unsurlar\u0131nca T\u00fcrk kara sular\u0131na geri itildi\u011fi belirlenen lastik bottaki 8\u2019i \u00e7ocuk 41 d\u00fczensiz g\u00f6\u00e7meni karaya \u00e7\u0131kard\u0131.<br \/>\n<br \/>Kurtar\u0131lan g\u00f6\u00e7menler i\u015flemlerinin ard\u0131ndan \u0130l G\u00f6\u00e7 \u0130daresi M\u00fcd\u00fcrl\u00fc\u011f\u00fc\u2019ne teslim edildi.<br \/><\/p>\n","protected":false},"excerpt":{"rendered":"<p>\u0130zmir\u2019in Seferihisar il\u00e7esi a\u00e7\u0131klar\u0131nda lastik bottaki 41 d\u00fczensiz g\u00f6\u00e7men Sahil G\u00fcvenlik ekiplerince kurtar\u0131ld\u0131. Sahil G\u00fcvenlik Botlar\u0131 TCSG-35 ve KB-22, \u00f6nceki g\u00fcn saat 07.30 s\u0131ralar\u0131nda, Seferihisar a\u00e7\u0131klar\u0131nda lastik botta bir grup d\u00fczensiz g\u00f6\u00e7men oldu\u011fu bilgisi \u00fczerine harekete ge\u00e7ti. Ekipler, Yunanistan unsurlar\u0131nca T\u00fcrk kara sular\u0131na geri itildi\u011fi belirlenen lastik bottaki 8\u2019i \u00e7ocuk 41 d\u00fczensiz g\u00f6\u00e7meni karaya \u00e7\u0131kard\u0131&#8230;.<\/p>\n","protected":false},"author":1,"featured_media":55900,"comment_status":"open","ping_status":"open","sticky":false,"template":"","format":"standard","meta":{"_crdt_document":"","footnotes":""},"categories":[5],"tags":[],"class_list":["post-55899","post","type-post","status-publish","format-standard","has-post-thumbnail","hentry","category-asayis"],"_links":{"self":[{"href":"https:\/\/www.egemtv.com\/index.php?rest_route=\/wp\/v2\/posts\/55899","targetHints":{"allow":["GET"]}}],"collection":[{"href":"https:\/\/www.egemtv.com\/index.php?rest_route=\/wp\/v2\/posts"}],"about":[{"href":"https:\/\/www.egemtv.com\/index.php?rest_route=\/wp\/v2\/types\/post"}],"author":[{"embeddable":true,"href":"https:\/\/www.egemtv.com\/index.php?rest_route=\/wp\/v2\/users\/1"}],"replies":[{"embeddable":true,"href":"https:\/\/www.egemtv.com\/index.php?rest_route=%2Fwp%2Fv2%2Fcomments&post=55899"}],"version-history":[{"count":1,"href":"https:\/\/www.egemtv.com\/index.php?rest_route=\/wp\/v2\/posts\/55899\/revisions"}],"predecessor-version":[{"id":55901,"href":"https:\/\/www.egemtv.com\/index.php?rest_route=\/wp\/v2\/posts\/55899\/revisions\/55901"}],"wp:featuredmedia":[{"embeddable":true,"href":"https:\/\/www.egemtv.com\/index.php?rest_route=\/wp\/v2\/media\/55900"}],"wp:attachment":[{"href":"https:\/\/www.egemtv.com\/index.php?rest_route=%2Fwp%2Fv2%2Fmedia&parent=55899"}],"wp:term":[{"taxonomy":"category","embeddable":true,"href":"https:\/\/www.egemtv.com\/index.php?rest_route=%2Fwp%2Fv2%2Fcategories&post=55899"},{"taxonomy":"post_tag","embeddable":true,"href":"https:\/\/www.egemtv.com\/index.php?rest_route=%2Fwp%2Fv2%2Ftags&post=55899"}],"curies":[{"name":"wp","href":"https:\/\/api.w.org\/{rel}","templated":true}]}}