{"id":55896,"date":"2025-09-19T10:56:00","date_gmt":"2025-09-19T07:56:00","guid":{"rendered":"https:\/\/www.egemtv.com\/?p=55896"},"modified":"2025-09-19T10:56:01","modified_gmt":"2025-09-19T07:56:01","slug":"hisarcikta-gaziler-gunu-kutlandi","status":"publish","type":"post","link":"https:\/\/www.egemtv.com\/?p=55896","title":{"rendered":"Hisarc\u0131k\u2019ta Gaziler G\u00fcn\u00fc kutland\u0131"},"content":{"rendered":"<p>K\u00fctahya\u2019n\u0131n Hisarc\u0131k il\u00e7esinde &#8220;19 Eyl\u00fcl Gaziler G\u00fcn\u00fc&#8221; resmi t\u00f6renle kutland\u0131.<br \/>\n<br \/>T\u00f6ren, Atat\u00fcrk an\u0131t\u0131na Emet Kaymakam\u0131 ve Hisarc\u0131k Kaymakam vekili Mehmet Alperen Ba\u015fkapan ve Belediye Ba\u015fkan\u0131 Mustafa Demirta\u015f taraf\u0131ndan \u00e7elenk konulmas\u0131yla ba\u015fland\u0131. Sayg\u0131 duru\u015fu ve \u0130stiklal Mar\u015f\u0131n\u0131n okunmas\u0131n\u0131n ard\u0131ndan il\u00e7ede ya\u015fayan ter\u00f6r gazisi Sedat Kurum t\u00f6ren kapsam\u0131nda bir konu\u015fma ger\u00e7ekle\u015ftirdi.<br \/>\n<br \/>T\u00f6rende yapt\u0131\u011f\u0131 konu\u015fmada, askerlik g\u00f6revini yaparken Hakk\u00e2ri \u015eemdinli\u2019de b\u00f6l\u00fcc\u00fc ter\u00f6r \u00f6rg\u00fct\u00fc PKK ile girilen \u00e7at\u0131\u015fma esnas\u0131nda yaralanarak bir aya\u011f\u0131n\u0131 \u00fclkesi ve milleti i\u00e7in seve seve feda etti\u011fine vurgu yapan gazi Sedat Kurum, &#8220;Bir gazi olarak sizlere hitap ediyorum. Gazilik bizim k\u00fclt\u00fcr\u00fcm\u00fcz ve inanc\u0131m\u0131z\u0131n, \u015fehitlikle beraber en temel de\u011feri ve vatan savunmas\u0131n\u0131n da \u00f6z\u00fcd\u00fcr. \u00dclkemizin her kar\u0131\u015f topra\u011f\u0131nda vatan\u0131n\u0131, bayra\u011f\u0131n\u0131, namusunu ve kutsal de\u011ferlerini korumak ve savunmak i\u00e7in, i\u00e7inde bulundu\u011fu \u015fartlar\u0131 d\u00fc\u015f\u00fcnmeden can\u0131n\u0131 ortaya koyan gazilerimiz, milletin medar-\u0131 iftihar\u0131, vatanseverli\u011fin ve kahramanl\u0131\u011f\u0131n ya\u015fayan abideleridir. Gazilik mevcudiyetini vatana adayarak can\u0131ndan ge\u00e7meyi g\u00f6ze alabilenlerin g\u00f6\u011fs\u00fcne tarihin takt\u0131\u011f\u0131 bir \u015feref madalyas\u0131d\u0131r&#8221; dedi.<br \/>\n<br \/>Gazi Kurum, &#8220;Vatan\u0131n\u0131 ve de\u011ferlerini can\u0131ndan aziz bilmi\u015f, varl\u0131\u011f\u0131na y\u00f6nelen tehditlere kar\u015f\u0131 her t\u00fcrl\u00fc g\u00fc\u00e7l\u00fc\u011fe g\u00f6\u011f\u00fcs gererek omuz omuza m\u00fccadele etmeyi ilke edinmi\u015f bir milletin mensuplar\u0131 olarak bizler ay y\u0131ld\u0131zl\u0131 bayra\u011f\u0131m\u0131z\u0131 bu topraklarda ilelebet, h\u00fcr ve ba\u011f\u0131ms\u0131z bir \u015fekilde dalgaland\u0131rmak i\u00e7in d\u00fcn oldu\u011fu gibi bug\u00fcn de yar\u0131n da var g\u00fcc\u00fcm\u00fczle \u00e7al\u0131\u015fmaya devam edece\u011fiz. Bu duygu ve d\u00fc\u015f\u00fcncelerimle, vatan\u0131 i\u00e7in canlar\u0131n\u0131 feda eden \u015fehitlerimizin yak\u0131nlar\u0131 ve gazilerimizin milletimiz i\u00e7in en k\u0131ymetli emanetler oldu\u011fu inanc\u0131yla bize bu topraklar\u0131 ebedi olarak yurt yapan Gazi Mustafa Kemal Atat\u00fcrk ve aziz \u015fehitlerimizi rahmetle an\u0131yor, ya\u015farken al\u0131nabilecek en y\u00fcksek paye olan gazilik unvan\u0131na kavu\u015fmu\u015f t\u00fcm gazilerimizin 19 Eyl\u00fcl Gaziler g\u00fcn\u00fcn\u00fc kutluyor, sayg\u0131lar sunuyorum&#8221; diye konu\u015ftu.<br \/>\n<br \/>T\u00f6ren sonras\u0131nda Kaymakam Mehmet Alperen Ba\u015fkapan gazileri makam\u0131nda kabul ederek g\u00fcnlerini kutlad\u0131.<br \/><\/p>\n","protected":false},"excerpt":{"rendered":"<p>K\u00fctahya\u2019n\u0131n Hisarc\u0131k il\u00e7esinde &#8220;19 Eyl\u00fcl Gaziler G\u00fcn\u00fc&#8221; resmi t\u00f6renle kutland\u0131. T\u00f6ren, Atat\u00fcrk an\u0131t\u0131na Emet Kaymakam\u0131 ve Hisarc\u0131k Kaymakam vekili Mehmet Alperen Ba\u015fkapan ve Belediye Ba\u015fkan\u0131 Mustafa Demirta\u015f taraf\u0131ndan \u00e7elenk konulmas\u0131yla ba\u015fland\u0131. Sayg\u0131 duru\u015fu ve \u0130stiklal Mar\u015f\u0131n\u0131n okunmas\u0131n\u0131n ard\u0131ndan il\u00e7ede ya\u015fayan ter\u00f6r gazisi Sedat Kurum t\u00f6ren kapsam\u0131nda bir konu\u015fma ger\u00e7ekle\u015ftirdi. T\u00f6rende yapt\u0131\u011f\u0131 konu\u015fmada, askerlik g\u00f6revini yaparken&#8230;<\/p>\n","protected":false},"author":1,"featured_media":55897,"comment_status":"open","ping_status":"open","sticky":false,"template":"","format":"standard","meta":{"_crdt_document":"","footnotes":""},"categories":[1],"tags":[],"class_list":["post-55896","post","type-post","status-publish","format-standard","has-post-thumbnail","hentry","category-guncel"],"_links":{"self":[{"href":"https:\/\/www.egemtv.com\/index.php?rest_route=\/wp\/v2\/posts\/55896","targetHints":{"allow":["GET"]}}],"collection":[{"href":"https:\/\/www.egemtv.com\/index.php?rest_route=\/wp\/v2\/posts"}],"about":[{"href":"https:\/\/www.egemtv.com\/index.php?rest_route=\/wp\/v2\/types\/post"}],"author":[{"embeddable":true,"href":"https:\/\/www.egemtv.com\/index.php?rest_route=\/wp\/v2\/users\/1"}],"replies":[{"embeddable":true,"href":"https:\/\/www.egemtv.com\/index.php?rest_route=%2Fwp%2Fv2%2Fcomments&post=55896"}],"version-history":[{"count":1,"href":"https:\/\/www.egemtv.com\/index.php?rest_route=\/wp\/v2\/posts\/55896\/revisions"}],"predecessor-version":[{"id":55898,"href":"https:\/\/www.egemtv.com\/index.php?rest_route=\/wp\/v2\/posts\/55896\/revisions\/55898"}],"wp:featuredmedia":[{"embeddable":true,"href":"https:\/\/www.egemtv.com\/index.php?rest_route=\/wp\/v2\/media\/55897"}],"wp:attachment":[{"href":"https:\/\/www.egemtv.com\/index.php?rest_route=%2Fwp%2Fv2%2Fmedia&parent=55896"}],"wp:term":[{"taxonomy":"category","embeddable":true,"href":"https:\/\/www.egemtv.com\/index.php?rest_route=%2Fwp%2Fv2%2Fcategories&post=55896"},{"taxonomy":"post_tag","embeddable":true,"href":"https:\/\/www.egemtv.com\/index.php?rest_route=%2Fwp%2Fv2%2Ftags&post=55896"}],"curies":[{"name":"wp","href":"https:\/\/api.w.org\/{rel}","templated":true}]}}