{"id":55893,"date":"2025-09-19T10:55:59","date_gmt":"2025-09-19T07:55:59","guid":{"rendered":"https:\/\/www.egemtv.com\/?p=55893"},"modified":"2025-09-19T10:56:00","modified_gmt":"2025-09-19T07:56:00","slug":"kizilbuk-thermal-wellness-resort-kapilarini-acti","status":"publish","type":"post","link":"https:\/\/www.egemtv.com\/?p=55893","title":{"rendered":"K\u0131z\u0131lb\u00fck Thermal Wellness Resort kap\u0131lar\u0131n\u0131 a\u00e7t\u0131"},"content":{"rendered":"<p>Marmaris \u0130\u00e7meler\u2019de bulunan ve yakla\u015f\u0131k 30 y\u0131ld\u0131r metruk halde olan turizm tesisi K\u0131z\u0131lb\u00fck GYO yat\u0131r\u0131m\u0131yla hayata ge\u00e7irilerek T\u00fcrk turizmine kazand\u0131r\u0131ld\u0131. Turizm kompleksinin hizmete a\u00e7\u0131lmas\u0131 ile birlikte Marmaris\u2019te turizm sezonu sadece yaz d\u00f6nemi de\u011fil art\u0131k d\u00f6rt mevsime yay\u0131ld\u0131.<br \/>\n<br \/>37 bin metrekarelik k\u0131y\u0131 \u015feridi, 1,4 km sahil y\u00fcr\u00fcy\u00fc\u015f yolu, 3.632 \u015fezlong kapasitesi, 26 bin metrekareyi a\u015fan ortak alan ve 138 bin metrekarelik peyzaj\u0131yla K\u0131z\u0131lb\u00fck Thermal Wellness Resort Projesi; misafirlerine geni\u015f, ferah ve d\u00f6rt mevsim kesintisiz tatil deneyimi sunmaya ba\u015flad\u0131.<br \/>\n<br \/>Marmaris\u2019te turizm art\u0131k d\u00f6rt mevsim s\u00fcrecek<br \/>\n<br \/>T\u00fcrkiye turizm sekt\u00f6r\u00fcn\u00fcn son y\u0131llardaki en b\u00fcy\u00fck yat\u0131r\u0131mlar\u0131ndan biri olan K\u0131z\u0131lb\u00fck Thermal Wellness Resort, Marmaris \u0130\u00e7meler\u2019de kap\u0131lar\u0131n\u0131 a\u00e7t\u0131. Uzun y\u0131llar at\u0131l vaziyette kalan bir turizm tesisine yap\u0131lan son d\u00f6nemlerin en b\u00fcy\u00fck yat\u0131r\u0131m\u0131 ile b\u00f6lgede hayata ge\u00e7irilen ve Marmaris\u2019teki en donan\u0131ml\u0131 yeni tesis olma \u00f6zelli\u011fine sahip K\u0131z\u0131lb\u00fck, yaln\u0131zca yaz aylar\u0131nda de\u011fil, 12 ay boyunca tatil imkan\u0131 sunarak T\u00fcrk turizmine yeni bir soluk getiriyor.<\/p>\n<p>&#8220;30 y\u0131l sonra yeniden hayat bulan bir k\u0131y\u0131: K\u0131z\u0131lkum&#8221;<br \/>\n<br \/>Marmaris\u2019in \u0130\u00e7meler b\u00f6lgesinde yer alan proje alan\u0131 yakla\u015f\u0131k 30 y\u0131l boyunca metruk halde bekledi. \u00c7al\u0131l\u0131k ve da\u011fl\u0131k bir k\u0131y\u0131 \u015feridinde konumlanan bu alan, K\u0131z\u0131lb\u00fck Thermal Wellness Resort ile yeniden hayat buldu. Hizmete a\u00e7\u0131lan turizm kompleksi, modern mimarisi ve sosyal alanlar\u0131n\u0131n b\u00fcy\u00fckl\u00fc\u011f\u00fcyle Marmaris\u2019in yeni ya\u015fam ve tatil merkezi konumuna geldi.<br \/>\n<br \/>37 bin metrekareyi a\u015fan k\u0131y\u0131 \u015feridi ve plaj alanlar\u0131, a\u00e7\u0131k ve kapal\u0131 alanlarda konumland\u0131r\u0131lm\u0131\u015f 3 bin 632 \u015fezlong kapasitesiyle, misafirlere y\u0131l\u0131n her d\u00f6neminde ferah, kesintisiz tatil imkan\u0131 sunan K\u0131z\u0131lb\u00fck Thermal Wellness Resort Marmaris\u2019e ayr\u0131 bir hareketlilik getirdi.<br \/>\n<br \/>A\u00e7\u0131k havuzlar, geni\u015f teras kullan\u0131mlar\u0131yla birlikte 4.000 metrekareyi a\u015farken, yaln\u0131zca \u00e7ocuklara \u00f6zel tasarlanan 3 bin 500 metrekarenin \u00fczerinde a\u00e7\u0131k ve kapal\u0131 oyun alan\u0131na sahip devrem\u00fclk ilk g\u00fcnden itibaren yo\u011fun ilgiyle kar\u015f\u0131land\u0131. Tesis b\u00fcnyesindeki 1,4 kilometre uzunlu\u011funda sahil y\u00fcr\u00fcy\u00fc\u015f yollar\u0131, 26 bin metrekareyi a\u015fan ortak alan ile 138 bin metrekarelik peyzaj d\u00fczenlemesi, misafirlere hem geni\u015f hem de ferah bir tatil imkan\u0131 sunuyor.<br \/>\n<br \/>Konaklama ve deniz tatilinin yan\u0131 s\u0131ra tesis b\u00fcnyesindeki 10 bin 500 metrekarelik Aqua &amp; Macera Park\u0131, \u00e7ocuklar i\u00e7in \u00f6zel oyun alanlar\u0131 ve yeti\u015fkinler i\u00e7in geni\u015f sa\u011fl\u0131kl\u0131 ya\u015fam alanlar\u0131yla her ya\u015f grubuna hitap eden K\u0131z\u0131lb\u00fck Thermal Wellness Resort, misafirlerine y\u0131l\u0131n her d\u00f6neminde hem dinlendirici hem de hareketli bir tatil alternatifi sunuyor.<\/p>\n<p>&#8220;Peyzaj ve \u00e7evre duyarl\u0131l\u0131\u011f\u0131&#8221;<br \/>\n<br \/>Projede yaln\u0131zca yap\u0131la\u015fmaya de\u011fil, \u00e7evresel d\u00fczenlemelere de b\u00fcy\u00fck \u00f6nem verildi\u011fi belirtilirken, projede peyzaj alan\u0131n\u0131n 138 bin metrekarenin \u00fczerinde oldu\u011fu ve 11 bini a\u015fk\u0131n a\u011fa\u00e7 ve bitki ile donat\u0131ld\u0131\u011f\u0131 kaydedildi. Ayr\u0131ca, enerji ve su tasarrufu sa\u011flayan \u00e7evre dostu altyap\u0131 \u00e7\u00f6z\u00fcmleri ve at\u0131k su geri d\u00f6n\u00fc\u015f\u00fcm sistemleriyle tesisin do\u011fayla uyumlu, s\u00fcrd\u00fcr\u00fclebilir bir ya\u015fam alan\u0131 olmas\u0131 hedeflendi\u011fi belirtildi.<\/p>\n<p>&#8220;Marmaris\u2019te art\u0131k k\u0131\u015f\u0131n da turizm hareketlili\u011fi var&#8221;<br \/>\n<br \/>Bug\u00fcne kadar daha \u00e7ok yaz aylar\u0131yla \u00f6zde\u015fle\u015fmi\u015f bir turizm merkezi olarak bilinen Marmaris\u2019te sonbaharla birlikte dura\u011fanla\u015fan turizm hareketlili\u011fi K\u0131z\u0131lb\u00fck Thermal Wellness Resort i\u00e7indeki termal olanaklar, spa &amp; wellness merkezleri ve d\u00f6rt mevsim tatil konsepti ile yeniden canland\u0131. Ya\u015fanan bu canl\u0131l\u0131k hem yerel esnaf hem de b\u00f6lge ekonomisi i\u00e7in s\u00fcrd\u00fcr\u00fclebilir bir hareketlili\u011fe vesile oldu.<\/p>\n<p>&#8220;Muhafazakar aileler i\u00e7in yeni bir adres haline geldi&#8221;<br \/>\n<br \/>K\u0131z\u0131lb\u00fck Thermal Wellness Resort, Marmaris\u2019te muhafazakar ailelerin de g\u00fcvenle tatil yapabilece\u011fi ilk kapsaml\u0131 tesis olarak \u00f6ne \u00e7\u0131karken, kad\u0131nlar koyu gibi ayr\u0131cal\u0131kl\u0131 alanlar\u0131 ve her ya\u015fa uygun sosyal donat\u0131lar\u0131yla, b\u00f6lgede \u00f6nemli bir eksikli\u011fin de kapat\u0131ld\u0131\u011f\u0131 belirtildi.<\/p>\n<p>&#8220;Ekonomiye ve istihdama y\u0131l\u0131n 12 ay\u0131  katk\u0131&#8221;<br \/>\n<br \/>Tesisin faaliyete ge\u00e7mesiyle birlikte b\u00f6lgede sezonluk de\u011fil y\u00fczlerce turizm personeline de y\u0131l boyu kal\u0131c\u0131 istihdam olu\u015fturuldu. Turizm kompleksinde al\u0131mlar yerel \u00fcreticilerden yap\u0131l\u0131rken , y\u0131l boyunca s\u00fcren turizm hareketlili\u011fi, Marmaris ekonomisine s\u00fcrd\u00fcr\u00fclebilir katk\u0131 sa\u011fl\u0131yor.<\/p>\n<p>&#8220;Marmaris\u2019in yeni \u00e7ekim merkezi oldu&#8221;<br \/>\n<br \/>Geni\u015f k\u0131y\u0131s\u0131, zengin sosyal alanlar\u0131, \u00e7evreye duyarl\u0131 yakla\u015f\u0131m\u0131 ve d\u00f6rt mevsim turizm imkan\u0131 sayesinde K\u0131z\u0131lb\u00fck Thermal Wellness Resort, Marmaris\u2019i yaln\u0131zca yaz aylar\u0131nda de\u011fil, 4 mevsim cazibe merkezi haline getirdi. T\u00fcrkiye\u2019nin 12 ay turizm vizyonuna katk\u0131 sunan tesis hizmete a\u00e7\u0131lmas\u0131 ile, Marmaris turizmi i\u00e7in yeni bir d\u00f6nem a\u00e7\u0131lm\u0131\u015f oldu.<br \/><\/p>\n","protected":false},"excerpt":{"rendered":"<p>Marmaris \u0130\u00e7meler\u2019de bulunan ve yakla\u015f\u0131k 30 y\u0131ld\u0131r metruk halde olan turizm tesisi K\u0131z\u0131lb\u00fck GYO yat\u0131r\u0131m\u0131yla hayata ge\u00e7irilerek T\u00fcrk turizmine kazand\u0131r\u0131ld\u0131. Turizm kompleksinin hizmete a\u00e7\u0131lmas\u0131 ile birlikte Marmaris\u2019te turizm sezonu sadece yaz d\u00f6nemi de\u011fil art\u0131k d\u00f6rt mevsime yay\u0131ld\u0131. 37 bin metrekarelik k\u0131y\u0131 \u015feridi, 1,4 km sahil y\u00fcr\u00fcy\u00fc\u015f yolu, 3.632 \u015fezlong kapasitesi, 26 bin metrekareyi a\u015fan ortak&#8230;<\/p>\n","protected":false},"author":1,"featured_media":55894,"comment_status":"open","ping_status":"open","sticky":false,"template":"","format":"standard","meta":{"_crdt_document":"","footnotes":""},"categories":[125],"tags":[],"class_list":["post-55893","post","type-post","status-publish","format-standard","has-post-thumbnail","hentry","category-ekonomi"],"_links":{"self":[{"href":"https:\/\/www.egemtv.com\/index.php?rest_route=\/wp\/v2\/posts\/55893","targetHints":{"allow":["GET"]}}],"collection":[{"href":"https:\/\/www.egemtv.com\/index.php?rest_route=\/wp\/v2\/posts"}],"about":[{"href":"https:\/\/www.egemtv.com\/index.php?rest_route=\/wp\/v2\/types\/post"}],"author":[{"embeddable":true,"href":"https:\/\/www.egemtv.com\/index.php?rest_route=\/wp\/v2\/users\/1"}],"replies":[{"embeddable":true,"href":"https:\/\/www.egemtv.com\/index.php?rest_route=%2Fwp%2Fv2%2Fcomments&post=55893"}],"version-history":[{"count":1,"href":"https:\/\/www.egemtv.com\/index.php?rest_route=\/wp\/v2\/posts\/55893\/revisions"}],"predecessor-version":[{"id":55895,"href":"https:\/\/www.egemtv.com\/index.php?rest_route=\/wp\/v2\/posts\/55893\/revisions\/55895"}],"wp:featuredmedia":[{"embeddable":true,"href":"https:\/\/www.egemtv.com\/index.php?rest_route=\/wp\/v2\/media\/55894"}],"wp:attachment":[{"href":"https:\/\/www.egemtv.com\/index.php?rest_route=%2Fwp%2Fv2%2Fmedia&parent=55893"}],"wp:term":[{"taxonomy":"category","embeddable":true,"href":"https:\/\/www.egemtv.com\/index.php?rest_route=%2Fwp%2Fv2%2Fcategories&post=55893"},{"taxonomy":"post_tag","embeddable":true,"href":"https:\/\/www.egemtv.com\/index.php?rest_route=%2Fwp%2Fv2%2Ftags&post=55893"}],"curies":[{"name":"wp","href":"https:\/\/api.w.org\/{rel}","templated":true}]}}