{"id":55890,"date":"2025-09-19T10:55:58","date_gmt":"2025-09-19T07:55:58","guid":{"rendered":"https:\/\/www.egemtv.com\/?p=55890"},"modified":"2025-09-19T10:55:59","modified_gmt":"2025-09-19T07:55:59","slug":"mentesede-firtina-minareyi-yikti-agaclari-soktu","status":"publish","type":"post","link":"https:\/\/www.egemtv.com\/?p=55890","title":{"rendered":"Mente\u015fe\u2019de f\u0131rt\u0131na minareyi y\u0131kt\u0131, a\u011fa\u00e7lar\u0131 s\u00f6kt\u00fc"},"content":{"rendered":"<p>Mu\u011fla\u2019n\u0131n Mente\u015fe il\u00e7esine ba\u011fl\u0131 D\u00fc\u011ferek Mahallesi\u2019nde, gece saatlerinden bu yana etkili olan \u015fiddetli f\u0131rt\u0131na, b\u00fcy\u00fck \u00e7apl\u0131 hasara yol a\u00e7t\u0131. Kuvvetli r\u00fczgar\u0131n etkisiyle mahalledeki bir caminin minaresi y\u0131k\u0131ld\u0131, \u00e7ok say\u0131da a\u011fa\u00e7 devrildi ve bir elektrik dire\u011fi yan yatt\u0131.<br \/>\n<br \/>Edinilen bilgilere g\u00f6re, r\u00fczgar\u0131n \u015fiddetini art\u0131rmas\u0131yla birlikte D\u00fc\u011ferek Mahallesi sakinleri zor anlar ya\u015fad\u0131. R\u00fczgar\u0131n etkisiyle \u00f6nce caminin minaresi b\u00fcy\u00fck bir g\u00fcr\u00fclt\u00fcyle y\u0131k\u0131l\u0131rken, mahallenin farkl\u0131 noktalar\u0131nda bulunan a\u011fa\u00e7lar da devrildi. Yan yatan bir elektrik dire\u011fi ise bir evin \u00e7at\u0131s\u0131na zarar verdi.<br \/>\n<br \/>Mahallede ya\u015fayan Mehmet Pehlivan, &#8220;Ben her g\u00fcn burada yat\u0131yorum. Allah d\u00fcn bana bir i\u015faret verdi ve i\u00e7eride yat dedi. Girdim evde yatt\u0131m, yoksa bug\u00fcn selam\u0131z okunuyordu. Minare d\u00fc\u015ferken de g\u00f6rd\u00fcm, \u00e7ekemedim. Tam \u00e7ekerken bir anda d\u00fc\u015ft\u00fc. Ben 45 ya\u015f\u0131nday\u0131m. Bug\u00fcne kadar D\u00fc\u011ferek\u2019te b\u00f6yle bir r\u00fczgar g\u00f6rmedim. Herkesin evleri mahvolmu\u015f, evler g\u00f6\u00e7m\u00fc\u015f \u00e7at\u0131lar u\u00e7mu\u015f. Allah afat\u0131ndan korusun&#8221; dedi.<br \/>\n<br \/>Olayda can kayb\u0131 ya da yaralanma ya\u015fanmazken, y\u0131k\u0131lan minare ve devrilen elektrik dire\u011fi nedeniyle b\u00f6lgede g\u00fcvenlik \u00f6nlemleri al\u0131nd\u0131.<br \/><\/p>\n","protected":false},"excerpt":{"rendered":"<p>Mu\u011fla\u2019n\u0131n Mente\u015fe il\u00e7esine ba\u011fl\u0131 D\u00fc\u011ferek Mahallesi\u2019nde, gece saatlerinden bu yana etkili olan \u015fiddetli f\u0131rt\u0131na, b\u00fcy\u00fck \u00e7apl\u0131 hasara yol a\u00e7t\u0131. Kuvvetli r\u00fczgar\u0131n etkisiyle mahalledeki bir caminin minaresi y\u0131k\u0131ld\u0131, \u00e7ok say\u0131da a\u011fa\u00e7 devrildi ve bir elektrik dire\u011fi yan yatt\u0131. Edinilen bilgilere g\u00f6re, r\u00fczgar\u0131n \u015fiddetini art\u0131rmas\u0131yla birlikte D\u00fc\u011ferek Mahallesi sakinleri zor anlar ya\u015fad\u0131. R\u00fczgar\u0131n etkisiyle \u00f6nce caminin minaresi&#8230;<\/p>\n","protected":false},"author":1,"featured_media":55891,"comment_status":"open","ping_status":"open","sticky":false,"template":"","format":"standard","meta":{"_crdt_document":"","footnotes":""},"categories":[5],"tags":[],"class_list":["post-55890","post","type-post","status-publish","format-standard","has-post-thumbnail","hentry","category-asayis"],"_links":{"self":[{"href":"https:\/\/www.egemtv.com\/index.php?rest_route=\/wp\/v2\/posts\/55890","targetHints":{"allow":["GET"]}}],"collection":[{"href":"https:\/\/www.egemtv.com\/index.php?rest_route=\/wp\/v2\/posts"}],"about":[{"href":"https:\/\/www.egemtv.com\/index.php?rest_route=\/wp\/v2\/types\/post"}],"author":[{"embeddable":true,"href":"https:\/\/www.egemtv.com\/index.php?rest_route=\/wp\/v2\/users\/1"}],"replies":[{"embeddable":true,"href":"https:\/\/www.egemtv.com\/index.php?rest_route=%2Fwp%2Fv2%2Fcomments&post=55890"}],"version-history":[{"count":1,"href":"https:\/\/www.egemtv.com\/index.php?rest_route=\/wp\/v2\/posts\/55890\/revisions"}],"predecessor-version":[{"id":55892,"href":"https:\/\/www.egemtv.com\/index.php?rest_route=\/wp\/v2\/posts\/55890\/revisions\/55892"}],"wp:featuredmedia":[{"embeddable":true,"href":"https:\/\/www.egemtv.com\/index.php?rest_route=\/wp\/v2\/media\/55891"}],"wp:attachment":[{"href":"https:\/\/www.egemtv.com\/index.php?rest_route=%2Fwp%2Fv2%2Fmedia&parent=55890"}],"wp:term":[{"taxonomy":"category","embeddable":true,"href":"https:\/\/www.egemtv.com\/index.php?rest_route=%2Fwp%2Fv2%2Fcategories&post=55890"},{"taxonomy":"post_tag","embeddable":true,"href":"https:\/\/www.egemtv.com\/index.php?rest_route=%2Fwp%2Fv2%2Ftags&post=55890"}],"curies":[{"name":"wp","href":"https:\/\/api.w.org\/{rel}","templated":true}]}}