{"id":55887,"date":"2025-09-19T10:34:59","date_gmt":"2025-09-19T07:34:59","guid":{"rendered":"https:\/\/www.egemtv.com\/?p=55887"},"modified":"2025-09-19T10:35:00","modified_gmt":"2025-09-19T07:35:00","slug":"makas-atarak-hem-kendi-hem-de-vatandaslarin-canini-hice-sayan-maganda-yakalandi","status":"publish","type":"post","link":"https:\/\/www.egemtv.com\/?p=55887","title":{"rendered":"Makas atarak hem kendi hem de vatanda\u015flar\u0131n can\u0131n\u0131 hi\u00e7e sayan maganda yakaland\u0131"},"content":{"rendered":"<p>Denizli\u2019de makas atarak trafik g\u00fcvenli\u011fini tehlikeye sokan s\u00fcr\u00fcc\u00fc EDS kameralar\u0131 ile tespit edildi. Trafik magandas\u0131na 10 bin 260 TL idari para cezas\u0131 uyguland\u0131.<\/p>\n<p>Denizli\u2019de hafif ticari arac\u0131n makas atarak tehlikeli s\u00fcr\u00fc\u015f\u00fcn\u00fcn sosyal medyada payla\u015f\u0131lmas\u0131 \u00fczerine tepkilerine neden oldu. Sosyal medya payla\u015f\u0131m\u0131n\u0131 ihbar kabul eden Denizli Emniyet M\u00fcd\u00fcrl\u00fc\u011f\u00fc Trafik Denetleme \u015eube M\u00fcd\u00fcrl\u00fc\u011f\u00fc ekipleri harekete ge\u00e7ti. Elektronik Denetleme Sistemi (EDS) Merkezi yap\u0131lan kamera incelemelerinde hafif ticari arac\u0131n Ac\u0131payam Bulvar\u0131 \u00fczerinde trafik g\u00fcvenli\u011fini tehlikeye d\u00fc\u015f\u00fcrecek \u015fekilde ard\u0131 ard\u0131na \u015ferit de\u011fi\u015ftirerek makas att\u0131\u011f\u0131 tespit edildi.<\/p>\n<p>Trafik ekipleri hem kendi hem de vatanda\u015flar\u0131n can\u0131n\u0131 ve mal\u0131n\u0131 hi\u00e7e sayan trafik magandas\u0131na ard\u0131 ard\u0131na \u015ferit de\u011fi\u015ftirerek makas atmas\u0131ndan dolay\u0131 9 bin 267 TL, trafik g\u00fcvenli\u011fini tehlikeye d\u00fc\u015f\u00fcrmesinden dolay\u0131 ise 993 TL olmak \u00fczere toplamda 10 bin 260 TL idari para cezas\u0131 uygulad\u0131.<br \/><\/p>\n","protected":false},"excerpt":{"rendered":"<p>Denizli\u2019de makas atarak trafik g\u00fcvenli\u011fini tehlikeye sokan s\u00fcr\u00fcc\u00fc EDS kameralar\u0131 ile tespit edildi. Trafik magandas\u0131na 10 bin 260 TL idari para cezas\u0131 uyguland\u0131. Denizli\u2019de hafif ticari arac\u0131n makas atarak tehlikeli s\u00fcr\u00fc\u015f\u00fcn\u00fcn sosyal medyada payla\u015f\u0131lmas\u0131 \u00fczerine tepkilerine neden oldu. Sosyal medya payla\u015f\u0131m\u0131n\u0131 ihbar kabul eden Denizli Emniyet M\u00fcd\u00fcrl\u00fc\u011f\u00fc Trafik Denetleme \u015eube M\u00fcd\u00fcrl\u00fc\u011f\u00fc ekipleri harekete ge\u00e7ti. Elektronik&#8230;<\/p>\n","protected":false},"author":1,"featured_media":55888,"comment_status":"open","ping_status":"open","sticky":false,"template":"","format":"standard","meta":{"_crdt_document":"","footnotes":""},"categories":[5],"tags":[],"class_list":["post-55887","post","type-post","status-publish","format-standard","has-post-thumbnail","hentry","category-asayis"],"_links":{"self":[{"href":"https:\/\/www.egemtv.com\/index.php?rest_route=\/wp\/v2\/posts\/55887","targetHints":{"allow":["GET"]}}],"collection":[{"href":"https:\/\/www.egemtv.com\/index.php?rest_route=\/wp\/v2\/posts"}],"about":[{"href":"https:\/\/www.egemtv.com\/index.php?rest_route=\/wp\/v2\/types\/post"}],"author":[{"embeddable":true,"href":"https:\/\/www.egemtv.com\/index.php?rest_route=\/wp\/v2\/users\/1"}],"replies":[{"embeddable":true,"href":"https:\/\/www.egemtv.com\/index.php?rest_route=%2Fwp%2Fv2%2Fcomments&post=55887"}],"version-history":[{"count":1,"href":"https:\/\/www.egemtv.com\/index.php?rest_route=\/wp\/v2\/posts\/55887\/revisions"}],"predecessor-version":[{"id":55889,"href":"https:\/\/www.egemtv.com\/index.php?rest_route=\/wp\/v2\/posts\/55887\/revisions\/55889"}],"wp:featuredmedia":[{"embeddable":true,"href":"https:\/\/www.egemtv.com\/index.php?rest_route=\/wp\/v2\/media\/55888"}],"wp:attachment":[{"href":"https:\/\/www.egemtv.com\/index.php?rest_route=%2Fwp%2Fv2%2Fmedia&parent=55887"}],"wp:term":[{"taxonomy":"category","embeddable":true,"href":"https:\/\/www.egemtv.com\/index.php?rest_route=%2Fwp%2Fv2%2Fcategories&post=55887"},{"taxonomy":"post_tag","embeddable":true,"href":"https:\/\/www.egemtv.com\/index.php?rest_route=%2Fwp%2Fv2%2Ftags&post=55887"}],"curies":[{"name":"wp","href":"https:\/\/api.w.org\/{rel}","templated":true}]}}