{"id":55884,"date":"2025-09-19T10:34:58","date_gmt":"2025-09-19T07:34:58","guid":{"rendered":"https:\/\/www.egemtv.com\/?p=55884"},"modified":"2025-09-19T10:34:59","modified_gmt":"2025-09-19T07:34:59","slug":"baskan-ozelden-gaziler-gunu-mesaji","status":"publish","type":"post","link":"https:\/\/www.egemtv.com\/?p=55884","title":{"rendered":"Ba\u015fkan \u00d6zel\u2019den Gaziler G\u00fcn\u00fc mesaj\u0131"},"content":{"rendered":"<p>Bozdo\u011fan Belediye Ba\u015fkan\u0131 Mustafa Galip \u00d6zel, 19 Eyl\u00fcl Gaziler G\u00fcn\u00fc dolay\u0131s\u0131yla bir mesaj yay\u0131mlad\u0131.<br \/>\n<br \/>Ba\u015fkan \u00d6zel mesaj\u0131nda \u015fu ifadelere yer verdi: &#8220;Tarihimizin en onurlu sayfalar\u0131n\u0131 yazan kahraman gazilerimiz, milletimizin \u00f6zg\u00fcrl\u00fck ve ba\u011f\u0131ms\u0131zl\u0131k yolundaki en b\u00fcy\u00fck gurur kayna\u011f\u0131d\u0131r. \u015eehitlerimizle birlikte gazilerimiz de vatan\u0131n b\u00f6l\u00fcnmez b\u00fct\u00fcnl\u00fc\u011f\u00fcn\u00fcn, milletimizin ba\u011f\u0131ms\u0131zl\u0131\u011f\u0131n\u0131n ve Cumhuriyetimizin teminat\u0131d\u0131r. 19 Eyl\u00fcl Gaziler G\u00fcn\u00fc, aziz milletimizin ba\u011fr\u0131ndan \u00e7\u0131kan kahraman evlatlar\u0131n\u0131n canlar\u0131 pahas\u0131na yazd\u0131\u011f\u0131 destan\u0131n hat\u0131rland\u0131\u011f\u0131 ve nesilden nesile aktar\u0131lmas\u0131 gereken en anlaml\u0131 g\u00fcnlerden biridir. Bug\u00fcn, vatan topra\u011f\u0131 i\u00e7in, bayra\u011f\u0131m\u0131z i\u00e7in, ezan\u0131m\u0131z ve ba\u011f\u0131ms\u0131zl\u0131\u011f\u0131m\u0131z i\u00e7in g\u00f6z\u00fcn\u00fc k\u0131rpmadan m\u00fccadele eden ve bu u\u011furda bedeninde ta\u015f\u0131d\u0131\u011f\u0131 izlerle ya\u015fayan kahraman gazilerimizin \u015feref g\u00fcn\u00fcd\u00fcr. Bizler, ecdad\u0131m\u0131zdan ald\u0131\u011f\u0131m\u0131z bu kutlu emaneti sonsuza dek korumak i\u00e7in var g\u00fcc\u00fcm\u00fczle \u00e7al\u0131\u015f\u0131rken, gazilerimizin fedak\u00e2rl\u0131klar\u0131n\u0131 ve bizlere b\u0131rakt\u0131klar\u0131 miras\u0131 asla unutmayaca\u011f\u0131z. Bu vesileyle, ba\u015fta Gazi Mustafa Kemal Atat\u00fcrk ve silah arkada\u015flar\u0131 olmak \u00fczere, aziz \u015fehitlerimizi rahmetle, gazilerimizi \u015f\u00fckran ve minnetle an\u0131yor; hayatta olan t\u00fcm gazilerimize aileleriyle birlikte sa\u011fl\u0131kl\u0131, huzurlu ve uzun \u00f6m\u00fcrler diliyorum&#8221; dedi.<br \/><\/p>\n","protected":false},"excerpt":{"rendered":"<p>Bozdo\u011fan Belediye Ba\u015fkan\u0131 Mustafa Galip \u00d6zel, 19 Eyl\u00fcl Gaziler G\u00fcn\u00fc dolay\u0131s\u0131yla bir mesaj yay\u0131mlad\u0131. Ba\u015fkan \u00d6zel mesaj\u0131nda \u015fu ifadelere yer verdi: &#8220;Tarihimizin en onurlu sayfalar\u0131n\u0131 yazan kahraman gazilerimiz, milletimizin \u00f6zg\u00fcrl\u00fck ve ba\u011f\u0131ms\u0131zl\u0131k yolundaki en b\u00fcy\u00fck gurur kayna\u011f\u0131d\u0131r. \u015eehitlerimizle birlikte gazilerimiz de vatan\u0131n b\u00f6l\u00fcnmez b\u00fct\u00fcnl\u00fc\u011f\u00fcn\u00fcn, milletimizin ba\u011f\u0131ms\u0131zl\u0131\u011f\u0131n\u0131n ve Cumhuriyetimizin teminat\u0131d\u0131r. 19 Eyl\u00fcl Gaziler G\u00fcn\u00fc, aziz milletimizin&#8230;<\/p>\n","protected":false},"author":1,"featured_media":55885,"comment_status":"open","ping_status":"open","sticky":false,"template":"","format":"standard","meta":{"_crdt_document":"","footnotes":""},"categories":[1],"tags":[],"class_list":["post-55884","post","type-post","status-publish","format-standard","has-post-thumbnail","hentry","category-guncel"],"_links":{"self":[{"href":"https:\/\/www.egemtv.com\/index.php?rest_route=\/wp\/v2\/posts\/55884","targetHints":{"allow":["GET"]}}],"collection":[{"href":"https:\/\/www.egemtv.com\/index.php?rest_route=\/wp\/v2\/posts"}],"about":[{"href":"https:\/\/www.egemtv.com\/index.php?rest_route=\/wp\/v2\/types\/post"}],"author":[{"embeddable":true,"href":"https:\/\/www.egemtv.com\/index.php?rest_route=\/wp\/v2\/users\/1"}],"replies":[{"embeddable":true,"href":"https:\/\/www.egemtv.com\/index.php?rest_route=%2Fwp%2Fv2%2Fcomments&post=55884"}],"version-history":[{"count":1,"href":"https:\/\/www.egemtv.com\/index.php?rest_route=\/wp\/v2\/posts\/55884\/revisions"}],"predecessor-version":[{"id":55886,"href":"https:\/\/www.egemtv.com\/index.php?rest_route=\/wp\/v2\/posts\/55884\/revisions\/55886"}],"wp:featuredmedia":[{"embeddable":true,"href":"https:\/\/www.egemtv.com\/index.php?rest_route=\/wp\/v2\/media\/55885"}],"wp:attachment":[{"href":"https:\/\/www.egemtv.com\/index.php?rest_route=%2Fwp%2Fv2%2Fmedia&parent=55884"}],"wp:term":[{"taxonomy":"category","embeddable":true,"href":"https:\/\/www.egemtv.com\/index.php?rest_route=%2Fwp%2Fv2%2Fcategories&post=55884"},{"taxonomy":"post_tag","embeddable":true,"href":"https:\/\/www.egemtv.com\/index.php?rest_route=%2Fwp%2Fv2%2Ftags&post=55884"}],"curies":[{"name":"wp","href":"https:\/\/api.w.org\/{rel}","templated":true}]}}