{"id":55881,"date":"2025-09-19T10:34:57","date_gmt":"2025-09-19T07:34:57","guid":{"rendered":"https:\/\/www.egemtv.com\/?p=55881"},"modified":"2025-09-19T10:34:58","modified_gmt":"2025-09-19T07:34:58","slug":"menderes-nehrinde-kurakligin-etkileri-suruyor","status":"publish","type":"post","link":"https:\/\/www.egemtv.com\/?p=55881","title":{"rendered":"Menderes nehrinde kurakl\u0131\u011f\u0131n etkileri s\u00fcr\u00fcyor"},"content":{"rendered":"<p>Ayd\u0131n\u2019da tar\u0131m arazilerinin en b\u00fcy\u00fck su kayna\u011f\u0131 olan ve ya\u015fanan kurakl\u0131k nedeniyle kuruyan B\u00fcy\u00fck Menderes Nehri\u2019nde, sonbaharda ya\u011fmurlar\u0131n\u0131n da ya\u015fanmamas\u0131 ile birlikte kurakl\u0131\u011f\u0131n etkileri s\u00fcr\u00fcyor.<\/p>\n<p>Ayd\u0131n tar\u0131m\u0131n\u0131n can damarlar\u0131ndan olan B\u00fcy\u00fck Menderes Nehri, yaz aylar\u0131nda ya\u015fanan kurakl\u0131k ile birlikte adeta tamamen kuruman\u0131n e\u015fi\u011fine geldi. Tar\u0131m arazilerinin en b\u00fcy\u00fck su kayna\u011f\u0131 olan B\u00fcy\u00fck Menderes Nehri\u2019nin kurumas\u0131 ise \u00e7ift\u00e7ileri tedirgin etmeye devam ederken, sonbahar ya\u011fmurlar\u0131n\u0131n da ya\u015fanmamas\u0131 nehirdeki kurakl\u0131\u011f\u0131n etkisini s\u00fcrd\u00fcrd\u00fc.<\/p>\n<p>Yaz aylar\u0131nda su seviyesinin h\u0131zla d\u00fc\u015fmesiyle alarm veren nehirde, sonbahar ya\u011fmurlar\u0131n\u0131n da beklenilen d\u00fczeyde ger\u00e7ekle\u015fmemesi kurakl\u0131\u011f\u0131n etkisini art\u0131rd\u0131. \u00c7ift\u00e7ilerin sulama i\u00e7in en \u00e7ok ihtiya\u00e7 duydu\u011fu B\u00fcy\u00fck Menderes\u2019in kurumas\u0131, tar\u0131m \u00fcretimini do\u011frudan tehdit ederken, b\u00f6lge halk\u0131 endi\u015feyle ya\u011fmur bekliyor. \u00d6zellikle pamuk ve m\u0131s\u0131r \u00fcretiminde hayati \u00f6neme sahip nehirde ya\u015fanan su s\u0131k\u0131nt\u0131s\u0131, \u00fcreticilerin gelecek sezon i\u00e7in planlar\u0131n\u0131 da zorla\u015ft\u0131r\u0131yor.<br \/><\/p>\n","protected":false},"excerpt":{"rendered":"<p>Ayd\u0131n\u2019da tar\u0131m arazilerinin en b\u00fcy\u00fck su kayna\u011f\u0131 olan ve ya\u015fanan kurakl\u0131k nedeniyle kuruyan B\u00fcy\u00fck Menderes Nehri\u2019nde, sonbaharda ya\u011fmurlar\u0131n\u0131n da ya\u015fanmamas\u0131 ile birlikte kurakl\u0131\u011f\u0131n etkileri s\u00fcr\u00fcyor. Ayd\u0131n tar\u0131m\u0131n\u0131n can damarlar\u0131ndan olan B\u00fcy\u00fck Menderes Nehri, yaz aylar\u0131nda ya\u015fanan kurakl\u0131k ile birlikte adeta tamamen kuruman\u0131n e\u015fi\u011fine geldi. Tar\u0131m arazilerinin en b\u00fcy\u00fck su kayna\u011f\u0131 olan B\u00fcy\u00fck Menderes Nehri\u2019nin kurumas\u0131&#8230;<\/p>\n","protected":false},"author":1,"featured_media":55882,"comment_status":"open","ping_status":"open","sticky":false,"template":"","format":"standard","meta":{"_crdt_document":"","footnotes":""},"categories":[1],"tags":[],"class_list":["post-55881","post","type-post","status-publish","format-standard","has-post-thumbnail","hentry","category-guncel"],"_links":{"self":[{"href":"https:\/\/www.egemtv.com\/index.php?rest_route=\/wp\/v2\/posts\/55881","targetHints":{"allow":["GET"]}}],"collection":[{"href":"https:\/\/www.egemtv.com\/index.php?rest_route=\/wp\/v2\/posts"}],"about":[{"href":"https:\/\/www.egemtv.com\/index.php?rest_route=\/wp\/v2\/types\/post"}],"author":[{"embeddable":true,"href":"https:\/\/www.egemtv.com\/index.php?rest_route=\/wp\/v2\/users\/1"}],"replies":[{"embeddable":true,"href":"https:\/\/www.egemtv.com\/index.php?rest_route=%2Fwp%2Fv2%2Fcomments&post=55881"}],"version-history":[{"count":1,"href":"https:\/\/www.egemtv.com\/index.php?rest_route=\/wp\/v2\/posts\/55881\/revisions"}],"predecessor-version":[{"id":55883,"href":"https:\/\/www.egemtv.com\/index.php?rest_route=\/wp\/v2\/posts\/55881\/revisions\/55883"}],"wp:featuredmedia":[{"embeddable":true,"href":"https:\/\/www.egemtv.com\/index.php?rest_route=\/wp\/v2\/media\/55882"}],"wp:attachment":[{"href":"https:\/\/www.egemtv.com\/index.php?rest_route=%2Fwp%2Fv2%2Fmedia&parent=55881"}],"wp:term":[{"taxonomy":"category","embeddable":true,"href":"https:\/\/www.egemtv.com\/index.php?rest_route=%2Fwp%2Fv2%2Fcategories&post=55881"},{"taxonomy":"post_tag","embeddable":true,"href":"https:\/\/www.egemtv.com\/index.php?rest_route=%2Fwp%2Fv2%2Ftags&post=55881"}],"curies":[{"name":"wp","href":"https:\/\/api.w.org\/{rel}","templated":true}]}}