{"id":55875,"date":"2025-09-19T10:34:56","date_gmt":"2025-09-19T07:34:56","guid":{"rendered":"https:\/\/www.egemtv.com\/?p=55875"},"modified":"2025-09-19T10:34:57","modified_gmt":"2025-09-19T07:34:57","slug":"denizlide-cinayet-yagma-ve-dolandiricilik-gibi-suclardan-aranan-3-supheli-yakalandi","status":"publish","type":"post","link":"https:\/\/www.egemtv.com\/?p=55875","title":{"rendered":"Denizli\u2019de cinayet, ya\u011fma ve doland\u0131r\u0131c\u0131l\u0131k gibi su\u00e7lardan aranan 3 \u015f\u00fcpheli yakaland\u0131"},"content":{"rendered":"<p>Denizli\u2019de doland\u0131r\u0131c\u0131l\u0131k, cinayet ve ya\u011fma gibi \u00e7e\u015fitli su\u00e7lardan aranma kayd\u0131 bulunan 3 \u015f\u00fcpheli polis ekipleri taraf\u0131ndan yakaland\u0131.<\/p>\n<p>Denizli Emniyet M\u00fcd\u00fcrl\u00fc\u011f\u00fcne ba\u011fl\u0131 Aranan \u015eah\u0131slar B\u00fcro Amirli\u011fi aranan \u015fah\u0131slar\u0131n yakalanmas\u0131na y\u00f6nelik \u00e7al\u0131\u015fmalar\u0131n\u0131 titizlikle y\u00fcr\u00fct\u00fcyor. Denizli\u2019de devriye atan \u00c7ar\u015f\u0131 ve Mahalle Bek\u00e7ileri hakk\u0131nda doland\u0131r\u0131c\u0131l\u0131k ve \u00e7e\u015fitli su\u00e7lardan 29 y\u0131l 5 ay kesinle\u015fmi\u015f hapis cezas\u0131 bulunan bir \u015fahs\u0131 yakalad\u0131. Aranan \u015eah\u0131slar B\u00fcro Amirli\u011fi ekiplerince y\u00fcr\u00fct\u00fclen \u00e7al\u0131\u015fmalar kapsam\u0131nda kasten \u00f6ld\u00fcrme ve kasten yaralama su\u00e7undan 22 y\u0131l 6 ay kesinle\u015fmi\u015f hapis cezas\u0131 ile aranan bir \u015f\u00fcpheli yakaland\u0131.<\/p>\n<p>Ayr\u0131ca Ka\u00e7ak\u00e7\u0131l\u0131k ve Organize Su\u00e7larla M\u00fccadele (KOM) \u015eube M\u00fcd\u00fcrl\u00fc\u011f\u00fcne ba\u011fl\u0131 ekiplerin y\u00fcr\u00fctt\u00fc\u011f\u00fc \u00e7al\u0131\u015fmalar kapsam\u0131nda ise ya\u011fma, cebir, tehdit, hile ile ki\u015fiyi h\u00fcrriyetinden yoksun k\u0131lma gibi su\u00e7lardan 15 y\u0131l 10 ay kesinle\u015fmi\u015f hapis cezas\u0131 ile aranan bir \u015f\u00fcpheli yakaland\u0131. Yakalanan 3 \u015f\u00fcpheli i\u015flemlerinin ard\u0131ndan cezaevine g\u00f6nderildi.<br \/><\/p>\n","protected":false},"excerpt":{"rendered":"<p>Denizli\u2019de doland\u0131r\u0131c\u0131l\u0131k, cinayet ve ya\u011fma gibi \u00e7e\u015fitli su\u00e7lardan aranma kayd\u0131 bulunan 3 \u015f\u00fcpheli polis ekipleri taraf\u0131ndan yakaland\u0131. Denizli Emniyet M\u00fcd\u00fcrl\u00fc\u011f\u00fcne ba\u011fl\u0131 Aranan \u015eah\u0131slar B\u00fcro Amirli\u011fi aranan \u015fah\u0131slar\u0131n yakalanmas\u0131na y\u00f6nelik \u00e7al\u0131\u015fmalar\u0131n\u0131 titizlikle y\u00fcr\u00fct\u00fcyor. Denizli\u2019de devriye atan \u00c7ar\u015f\u0131 ve Mahalle Bek\u00e7ileri hakk\u0131nda doland\u0131r\u0131c\u0131l\u0131k ve \u00e7e\u015fitli su\u00e7lardan 29 y\u0131l 5 ay kesinle\u015fmi\u015f hapis cezas\u0131 bulunan bir \u015fahs\u0131 yakalad\u0131&#8230;.<\/p>\n","protected":false},"author":1,"featured_media":55876,"comment_status":"open","ping_status":"open","sticky":false,"template":"","format":"standard","meta":{"_crdt_document":"","footnotes":""},"categories":[5],"tags":[],"class_list":["post-55875","post","type-post","status-publish","format-standard","has-post-thumbnail","hentry","category-asayis"],"_links":{"self":[{"href":"https:\/\/www.egemtv.com\/index.php?rest_route=\/wp\/v2\/posts\/55875","targetHints":{"allow":["GET"]}}],"collection":[{"href":"https:\/\/www.egemtv.com\/index.php?rest_route=\/wp\/v2\/posts"}],"about":[{"href":"https:\/\/www.egemtv.com\/index.php?rest_route=\/wp\/v2\/types\/post"}],"author":[{"embeddable":true,"href":"https:\/\/www.egemtv.com\/index.php?rest_route=\/wp\/v2\/users\/1"}],"replies":[{"embeddable":true,"href":"https:\/\/www.egemtv.com\/index.php?rest_route=%2Fwp%2Fv2%2Fcomments&post=55875"}],"version-history":[{"count":1,"href":"https:\/\/www.egemtv.com\/index.php?rest_route=\/wp\/v2\/posts\/55875\/revisions"}],"predecessor-version":[{"id":55877,"href":"https:\/\/www.egemtv.com\/index.php?rest_route=\/wp\/v2\/posts\/55875\/revisions\/55877"}],"wp:featuredmedia":[{"embeddable":true,"href":"https:\/\/www.egemtv.com\/index.php?rest_route=\/wp\/v2\/media\/55876"}],"wp:attachment":[{"href":"https:\/\/www.egemtv.com\/index.php?rest_route=%2Fwp%2Fv2%2Fmedia&parent=55875"}],"wp:term":[{"taxonomy":"category","embeddable":true,"href":"https:\/\/www.egemtv.com\/index.php?rest_route=%2Fwp%2Fv2%2Fcategories&post=55875"},{"taxonomy":"post_tag","embeddable":true,"href":"https:\/\/www.egemtv.com\/index.php?rest_route=%2Fwp%2Fv2%2Ftags&post=55875"}],"curies":[{"name":"wp","href":"https:\/\/api.w.org\/{rel}","templated":true}]}}