{"id":55872,"date":"2025-09-19T10:34:55","date_gmt":"2025-09-19T07:34:55","guid":{"rendered":"https:\/\/www.egemtv.com\/?p=55872"},"modified":"2025-09-19T10:34:56","modified_gmt":"2025-09-19T07:34:56","slug":"icinde-8-kisi-bulunan-ve-suruklenen-yelkenli-tekne-arizalaninca-kiyem-ekipleri-kurtardi","status":"publish","type":"post","link":"https:\/\/www.egemtv.com\/?p=55872","title":{"rendered":"\u0130\u00e7inde 8 ki\u015fi bulunan ve s\u00fcr\u00fcklenen yelkenli tekne ar\u0131zalan\u0131nca KIYEM ekipleri kurtard\u0131"},"content":{"rendered":"<p>Mu\u011fla\u2019n\u0131n Fethiye il\u00e7esi a\u00e7\u0131klar\u0131nda i\u00e7inde 8 ki\u015fi bulunan ve makine ar\u0131zas\u0131 ya\u015fayan 13 metre boyundaki yelkenli tekne K\u0131y\u0131 Emniyet Genel M\u00fcd\u00fcrl\u00fc\u011f\u00fc ekipleri taraf\u0131ndan kurtar\u0131ld\u0131.<br \/>\n<br \/>Fethiye Aziz A\u011fa Koyu \u00f6nlerinde makine ar\u0131zas\u0131 nedeniyle s\u00fcr\u00fcklenen, 13 metre boyunda ve i\u00e7inde 8 ki\u015fi bulunan tekne s\u00fcr\u00fcklenmeye ba\u015flay\u0131nca yard\u0131m \u00e7a\u011fr\u0131s\u0131nda bulundular. Yard\u0131m \u00e7a\u011fr\u0131s\u0131 sonras\u0131 b\u00f6lgede bulunan KIYEM-5 h\u0131zl\u0131 tahlisiye (can kurtarma) botuna yedeklenen tekne Fethiye Liman\u0131\u2019nda emniyete al\u0131nd\u0131.<br \/><\/p>\n","protected":false},"excerpt":{"rendered":"<p>Mu\u011fla\u2019n\u0131n Fethiye il\u00e7esi a\u00e7\u0131klar\u0131nda i\u00e7inde 8 ki\u015fi bulunan ve makine ar\u0131zas\u0131 ya\u015fayan 13 metre boyundaki yelkenli tekne K\u0131y\u0131 Emniyet Genel M\u00fcd\u00fcrl\u00fc\u011f\u00fc ekipleri taraf\u0131ndan kurtar\u0131ld\u0131. Fethiye Aziz A\u011fa Koyu \u00f6nlerinde makine ar\u0131zas\u0131 nedeniyle s\u00fcr\u00fcklenen, 13 metre boyunda ve i\u00e7inde 8 ki\u015fi bulunan tekne s\u00fcr\u00fcklenmeye ba\u015flay\u0131nca yard\u0131m \u00e7a\u011fr\u0131s\u0131nda bulundular. Yard\u0131m \u00e7a\u011fr\u0131s\u0131 sonras\u0131 b\u00f6lgede bulunan KIYEM-5 h\u0131zl\u0131 tahlisiye&#8230;<\/p>\n","protected":false},"author":1,"featured_media":55873,"comment_status":"open","ping_status":"open","sticky":false,"template":"","format":"standard","meta":{"_crdt_document":"","footnotes":""},"categories":[5],"tags":[],"class_list":["post-55872","post","type-post","status-publish","format-standard","has-post-thumbnail","hentry","category-asayis"],"_links":{"self":[{"href":"https:\/\/www.egemtv.com\/index.php?rest_route=\/wp\/v2\/posts\/55872","targetHints":{"allow":["GET"]}}],"collection":[{"href":"https:\/\/www.egemtv.com\/index.php?rest_route=\/wp\/v2\/posts"}],"about":[{"href":"https:\/\/www.egemtv.com\/index.php?rest_route=\/wp\/v2\/types\/post"}],"author":[{"embeddable":true,"href":"https:\/\/www.egemtv.com\/index.php?rest_route=\/wp\/v2\/users\/1"}],"replies":[{"embeddable":true,"href":"https:\/\/www.egemtv.com\/index.php?rest_route=%2Fwp%2Fv2%2Fcomments&post=55872"}],"version-history":[{"count":1,"href":"https:\/\/www.egemtv.com\/index.php?rest_route=\/wp\/v2\/posts\/55872\/revisions"}],"predecessor-version":[{"id":55874,"href":"https:\/\/www.egemtv.com\/index.php?rest_route=\/wp\/v2\/posts\/55872\/revisions\/55874"}],"wp:featuredmedia":[{"embeddable":true,"href":"https:\/\/www.egemtv.com\/index.php?rest_route=\/wp\/v2\/media\/55873"}],"wp:attachment":[{"href":"https:\/\/www.egemtv.com\/index.php?rest_route=%2Fwp%2Fv2%2Fmedia&parent=55872"}],"wp:term":[{"taxonomy":"category","embeddable":true,"href":"https:\/\/www.egemtv.com\/index.php?rest_route=%2Fwp%2Fv2%2Fcategories&post=55872"},{"taxonomy":"post_tag","embeddable":true,"href":"https:\/\/www.egemtv.com\/index.php?rest_route=%2Fwp%2Fv2%2Ftags&post=55872"}],"curies":[{"name":"wp","href":"https:\/\/api.w.org\/{rel}","templated":true}]}}