{"id":55869,"date":"2025-09-19T10:34:54","date_gmt":"2025-09-19T07:34:54","guid":{"rendered":"https:\/\/www.egemtv.com\/?p=55869"},"modified":"2025-09-19T10:34:55","modified_gmt":"2025-09-19T07:34:55","slug":"ilkokul-ogrencileri-jandarmayi-yakindan-tanidi","status":"publish","type":"post","link":"https:\/\/www.egemtv.com\/?p=55869","title":{"rendered":"\u0130lkokul \u00f6\u011frencileri jandarmay\u0131 yak\u0131ndan tan\u0131d\u0131"},"content":{"rendered":"<p>Ayd\u0131n\u2019\u0131n \u0130ncirliova il\u00e7esinde ger\u00e7ekle\u015ftirilen etkinlikte ilkokul \u00f6\u011frencileri jandarmay\u0131 yak\u0131ndan tan\u0131d\u0131.<\/p>\n<p>Ayd\u0131n \u0130l Jandarma Komutanl\u0131\u011f\u0131 Aile \u0130\u00e7i \u015eiddetle M\u00fccadele ve \u00c7ocuk K\u0131s\u0131m Amirli\u011fi ve \u0130ncirliova Jandarma Karakol Komutanl\u0131\u011f\u0131 ekipleri, Karag\u00f6zler \u0130lkokulu\u2019nda \u00f6\u011frenim g\u00f6ren \u00f6\u011frencileri ziyaret etti. 2025-2026 e\u011fitim \u00f6\u011fretim y\u0131l\u0131n\u0131n ba\u015flamas\u0131 sebebiyle ger\u00e7ekle\u015ftirilen ziyarette \u00f6\u011frencilere jandarma hakk\u0131nda tan\u0131t\u0131c\u0131 bilgiler verilirken, minikler de jandarmay\u0131 yak\u0131ndan tan\u0131d\u0131.<\/p>\n<p>Ayd\u0131n \u0130l Jandarma Komutanl\u0131\u011f\u0131\u2019ndan yap\u0131lan a\u00e7\u0131klamada &#8220;Jandarma te\u015fkilat\u0131 olarak \u00e7ocuklar\u0131m\u0131za her alanda sahip \u00e7\u0131k\u0131p de\u011fer verdi\u011fimiz kendilerine iletilerek, faaliyet sonunda \u00e7ocuklara k\u0131rtasiye malzemeleri ve T\u00fcrk bayra\u011f\u0131 hediye edilmi\u015ftir. Ayr\u0131ca, okul bah\u00e7esinde g\u00f6nderde bulunan y\u0131pranm\u0131\u015f T\u00fcrk Bayra\u011f\u0131n\u0131n yerine yenisi temin edilmi\u015ftir&#8221; ifadeleri yer ald\u0131.<br \/><\/p>\n","protected":false},"excerpt":{"rendered":"<p>Ayd\u0131n\u2019\u0131n \u0130ncirliova il\u00e7esinde ger\u00e7ekle\u015ftirilen etkinlikte ilkokul \u00f6\u011frencileri jandarmay\u0131 yak\u0131ndan tan\u0131d\u0131. Ayd\u0131n \u0130l Jandarma Komutanl\u0131\u011f\u0131 Aile \u0130\u00e7i \u015eiddetle M\u00fccadele ve \u00c7ocuk K\u0131s\u0131m Amirli\u011fi ve \u0130ncirliova Jandarma Karakol Komutanl\u0131\u011f\u0131 ekipleri, Karag\u00f6zler \u0130lkokulu\u2019nda \u00f6\u011frenim g\u00f6ren \u00f6\u011frencileri ziyaret etti. 2025-2026 e\u011fitim \u00f6\u011fretim y\u0131l\u0131n\u0131n ba\u015flamas\u0131 sebebiyle ger\u00e7ekle\u015ftirilen ziyarette \u00f6\u011frencilere jandarma hakk\u0131nda tan\u0131t\u0131c\u0131 bilgiler verilirken, minikler de jandarmay\u0131 yak\u0131ndan tan\u0131d\u0131. Ayd\u0131n&#8230;<\/p>\n","protected":false},"author":1,"featured_media":55870,"comment_status":"open","ping_status":"open","sticky":false,"template":"","format":"standard","meta":{"_crdt_document":"","footnotes":""},"categories":[1],"tags":[],"class_list":["post-55869","post","type-post","status-publish","format-standard","has-post-thumbnail","hentry","category-guncel"],"_links":{"self":[{"href":"https:\/\/www.egemtv.com\/index.php?rest_route=\/wp\/v2\/posts\/55869","targetHints":{"allow":["GET"]}}],"collection":[{"href":"https:\/\/www.egemtv.com\/index.php?rest_route=\/wp\/v2\/posts"}],"about":[{"href":"https:\/\/www.egemtv.com\/index.php?rest_route=\/wp\/v2\/types\/post"}],"author":[{"embeddable":true,"href":"https:\/\/www.egemtv.com\/index.php?rest_route=\/wp\/v2\/users\/1"}],"replies":[{"embeddable":true,"href":"https:\/\/www.egemtv.com\/index.php?rest_route=%2Fwp%2Fv2%2Fcomments&post=55869"}],"version-history":[{"count":1,"href":"https:\/\/www.egemtv.com\/index.php?rest_route=\/wp\/v2\/posts\/55869\/revisions"}],"predecessor-version":[{"id":55871,"href":"https:\/\/www.egemtv.com\/index.php?rest_route=\/wp\/v2\/posts\/55869\/revisions\/55871"}],"wp:featuredmedia":[{"embeddable":true,"href":"https:\/\/www.egemtv.com\/index.php?rest_route=\/wp\/v2\/media\/55870"}],"wp:attachment":[{"href":"https:\/\/www.egemtv.com\/index.php?rest_route=%2Fwp%2Fv2%2Fmedia&parent=55869"}],"wp:term":[{"taxonomy":"category","embeddable":true,"href":"https:\/\/www.egemtv.com\/index.php?rest_route=%2Fwp%2Fv2%2Fcategories&post=55869"},{"taxonomy":"post_tag","embeddable":true,"href":"https:\/\/www.egemtv.com\/index.php?rest_route=%2Fwp%2Fv2%2Ftags&post=55869"}],"curies":[{"name":"wp","href":"https:\/\/api.w.org\/{rel}","templated":true}]}}