{"id":55860,"date":"2025-09-19T09:54:51","date_gmt":"2025-09-19T06:54:51","guid":{"rendered":"https:\/\/www.egemtv.com\/?p=55860"},"modified":"2025-09-19T09:54:52","modified_gmt":"2025-09-19T06:54:52","slug":"usak-universitesi-ogrencilerine-bagimlilikla-mucadeleyi-anlatti","status":"publish","type":"post","link":"https:\/\/www.egemtv.com\/?p=55860","title":{"rendered":"U\u015fak \u00dcniversitesi \u00f6\u011frencilerine ba\u011f\u0131ml\u0131l\u0131kla m\u00fccadeleyi anlatt\u0131"},"content":{"rendered":"<p>U\u015fak \u00dcniversitesi Sa\u011fl\u0131k K\u00fclt\u00fcr ve Spor Daire Ba\u015fkanl\u0131\u011f\u0131 taraf\u0131ndan oryantasyon e\u011fitimleri kapsam\u0131nda \u00f6\u011frencilere ba\u011f\u0131ml\u0131l\u0131kla m\u00fccadele konulu bilgilendirmesi yap\u0131ld\u0131.<\/p>\n<p>U\u015fak \u00dcniversitesi Mustafa Kemal Pa\u015fa Amfisinde d\u00fczenlenen programa Rekt\u00f6r Yard\u0131mc\u0131s\u0131 Prof. Dr. L\u00fctfi \u00d6zav, Sa\u011fl\u0131k K\u00fclt\u00fcr ve Spor Daire Ba\u015fkanl\u0131\u011f\u0131\u2019nda g\u00f6revli Sosyal \u00c7al\u0131\u015fmac\u0131 Dr. Meryem G\u00fcl, Psikolog Merve U\u00e7ak ile Psikolog Sevgican Da\u011fl\u0131, U\u015fak \u0130l Emniyet M\u00fcd\u00fcrl\u00fc\u011f\u00fc Narkotik Su\u00e7larla M\u00fccadele \u015eube M\u00fcd\u00fcrl\u00fc\u011f\u00fc Polis Memuru M. Nuri Kurt, akademik, idari personel ve \u00f6\u011frenciler kat\u0131ld\u0131.<\/p>\n<p>A\u00e7\u0131l\u0131\u015f konu\u015fmas\u0131n\u0131 yapan Rekt\u00f6r Yard\u0131mc\u0131s\u0131 Prof. Dr. L\u00fctfi \u00d6zav, ba\u011f\u0131ml\u0131l\u0131kla m\u00fccadelenin \u00f6\u011frencilerin sa\u011fl\u0131kl\u0131 ve g\u00fcvenli bir e\u011fitim hayat\u0131 s\u00fcrd\u00fcrebilmeleri i\u00e7in b\u00fcy\u00fck \u00f6nem ta\u015f\u0131d\u0131\u011f\u0131n\u0131 belirterek, \u00fcniversitenin geli\u015fim s\u00fcreci hakk\u0131nda bilgi verdi.<br \/>\n<br \/>Etkinlikte, U\u015fak \u0130l Emniyet M\u00fcd\u00fcrl\u00fc\u011f\u00fc Narkotik Su\u00e7larla M\u00fccadele \u015eube M\u00fcd\u00fcrl\u00fc\u011f\u00fcnden Polis Memuru M. Nuri Kurt, ba\u011f\u0131ml\u0131l\u0131\u011f\u0131n yaln\u0131zca uyu\u015fturucu de\u011fil; sigara, alkol ve dijital al\u0131\u015fkanl\u0131klarla da ba\u015flad\u0131\u011f\u0131n\u0131 vurgulad\u0131. Ba\u011f\u0131ml\u0131l\u0131\u011f\u0131n fiziksel, psikolojik ve sosyal etkilerine de\u011finen Kurt, \u00f6zellikle uyu\u015fturucu maddelerin merkezi sinir sistemi \u00fczerindeki y\u0131k\u0131c\u0131 sonu\u00e7lar\u0131n\u0131 \u00f6rneklerle anlatt\u0131. Ba\u011f\u0131ml\u0131l\u0131\u011f\u0131n erken belirtileri aras\u0131nda g\u00f6z bebeklerinde de\u011fi\u015fim, davran\u0131\u015f bozukluklar\u0131, ki\u015fisel bak\u0131mda azalma ve mide-ba\u011f\u0131rsak problemlerinin bulundu\u011funu s\u00f6yledi. Ayr\u0131ca uyu\u015fturucu maddelerin 0.1 gram\u0131n\u0131n bile su\u00e7 say\u0131ld\u0131\u011f\u0131n\u0131 hat\u0131rlatarak, bulundurman\u0131n 4-7 y\u0131l, ticaretinin ise 10-30 y\u0131l aras\u0131nda hapis cezas\u0131 gerektirdi\u011fini belirtti. \u00d6\u011frencilere, &#8220;En b\u00fcy\u00fck korunma yolu, arkada\u015f \u00e7evresine dikkat etmek ve gerekirse destek alarak \u2018hay\u0131r\u2019 diyebilmektir&#8221; s\u00f6zleriyle uyar\u0131da bulundu.<\/p>\n<p>Sosyal \u00c7al\u0131\u015fmac\u0131 Dr. Meryem G\u00fcl, \u00fcniversitede y\u00fcr\u00fct\u00fclen ba\u011f\u0131ml\u0131l\u0131kla m\u00fccadele \u00e7al\u0131\u015fmalar\u0131na de\u011finerek, \u00f6\u011frencilerin ihtiya\u00e7 duymalar\u0131 halinde psikolojik dan\u0131\u015fmanl\u0131k ve rehberlik hizmetlerinden yararlanabileceklerini ifade etti. Program, soru cevap b\u00f6l\u00fcm\u00fc ile sona erdi. G\u00fcn\u00fcn an\u0131s\u0131na Polis Memuru M. Nuri Kurt\u2019a \u00fcniversite ad\u0131na te\u015fekk\u00fcr plaketi takdim edildi.<br \/><\/p>\n","protected":false},"excerpt":{"rendered":"<p>U\u015fak \u00dcniversitesi Sa\u011fl\u0131k K\u00fclt\u00fcr ve Spor Daire Ba\u015fkanl\u0131\u011f\u0131 taraf\u0131ndan oryantasyon e\u011fitimleri kapsam\u0131nda \u00f6\u011frencilere ba\u011f\u0131ml\u0131l\u0131kla m\u00fccadele konulu bilgilendirmesi yap\u0131ld\u0131. U\u015fak \u00dcniversitesi Mustafa Kemal Pa\u015fa Amfisinde d\u00fczenlenen programa Rekt\u00f6r Yard\u0131mc\u0131s\u0131 Prof. Dr. L\u00fctfi \u00d6zav, Sa\u011fl\u0131k K\u00fclt\u00fcr ve Spor Daire Ba\u015fkanl\u0131\u011f\u0131\u2019nda g\u00f6revli Sosyal \u00c7al\u0131\u015fmac\u0131 Dr. Meryem G\u00fcl, Psikolog Merve U\u00e7ak ile Psikolog Sevgican Da\u011fl\u0131, U\u015fak \u0130l Emniyet M\u00fcd\u00fcrl\u00fc\u011f\u00fc&#8230;<\/p>\n","protected":false},"author":1,"featured_media":55861,"comment_status":"open","ping_status":"open","sticky":false,"template":"","format":"standard","meta":{"_crdt_document":"","footnotes":""},"categories":[1],"tags":[],"class_list":["post-55860","post","type-post","status-publish","format-standard","has-post-thumbnail","hentry","category-guncel"],"_links":{"self":[{"href":"https:\/\/www.egemtv.com\/index.php?rest_route=\/wp\/v2\/posts\/55860","targetHints":{"allow":["GET"]}}],"collection":[{"href":"https:\/\/www.egemtv.com\/index.php?rest_route=\/wp\/v2\/posts"}],"about":[{"href":"https:\/\/www.egemtv.com\/index.php?rest_route=\/wp\/v2\/types\/post"}],"author":[{"embeddable":true,"href":"https:\/\/www.egemtv.com\/index.php?rest_route=\/wp\/v2\/users\/1"}],"replies":[{"embeddable":true,"href":"https:\/\/www.egemtv.com\/index.php?rest_route=%2Fwp%2Fv2%2Fcomments&post=55860"}],"version-history":[{"count":1,"href":"https:\/\/www.egemtv.com\/index.php?rest_route=\/wp\/v2\/posts\/55860\/revisions"}],"predecessor-version":[{"id":55862,"href":"https:\/\/www.egemtv.com\/index.php?rest_route=\/wp\/v2\/posts\/55860\/revisions\/55862"}],"wp:featuredmedia":[{"embeddable":true,"href":"https:\/\/www.egemtv.com\/index.php?rest_route=\/wp\/v2\/media\/55861"}],"wp:attachment":[{"href":"https:\/\/www.egemtv.com\/index.php?rest_route=%2Fwp%2Fv2%2Fmedia&parent=55860"}],"wp:term":[{"taxonomy":"category","embeddable":true,"href":"https:\/\/www.egemtv.com\/index.php?rest_route=%2Fwp%2Fv2%2Fcategories&post=55860"},{"taxonomy":"post_tag","embeddable":true,"href":"https:\/\/www.egemtv.com\/index.php?rest_route=%2Fwp%2Fv2%2Ftags&post=55860"}],"curies":[{"name":"wp","href":"https:\/\/api.w.org\/{rel}","templated":true}]}}