{"id":55857,"date":"2025-09-19T09:54:50","date_gmt":"2025-09-19T06:54:50","guid":{"rendered":"https:\/\/www.egemtv.com\/?p=55857"},"modified":"2025-09-19T09:54:51","modified_gmt":"2025-09-19T06:54:51","slug":"miryokefalon-zaferinin-849-yildonumu-civrilde-halk-konseriyle-kutlandi","status":"publish","type":"post","link":"https:\/\/www.egemtv.com\/?p=55857","title":{"rendered":"Miryokefalon Zaferinin 849. y\u0131ld\u00f6n\u00fcm\u00fc \u00c7ivril\u2019de halk konseriyle kutland\u0131"},"content":{"rendered":"<p>DEN\u0130ZL\u0130 (\u0130HA) \u2013 Denizli\u2019de Anadolu\u2019nun T\u00fcrk yurdu olarak kalmas\u0131n\u0131 per\u00e7inleyen 1176 Miryokefalon Zaferini anma etkinlikleri, \u00c7ivril Cumhuriyet Meydan\u0131nda d\u00fczenlenen halk konseriyle sona erdi.<\/p>\n<p>Anadolu\u2019nun T\u00fcrk yurdu olarak kalmas\u0131n\u0131 per\u00e7inleyen 1176 Miryokefalon Zaferi etkinlikleri, Denizli\u2019de ger\u00e7ekle\u015fen, &#8220;\u00c7ivril Miryokefalon Zaferi&#8221; konulu foto\u011fraf sergisi ve \u00c7atal\u00e7e\u015fme Oda Tiyatrosu\u2019nda d\u00fczenlenen panelin ard\u0131ndan \u00c7ivril\u2019de halk konseriyle tamamland\u0131. Konserde, orta asya ezgileriyle b\u00fcy\u00fck be\u011feni toplayan Grup Mesai, meydan\u0131 dolduran vatanda\u015flara keyifli dakikalar ya\u015fatt\u0131.<\/p>\n<p>Ard\u0131ndan Denizli B\u00fcy\u00fck\u015fehir Belediyesi Konservatuvar sanat\u00e7\u0131s\u0131 Emin Mert Boyac\u0131o\u011flu da seslendirdi\u011fi birbirinden g\u00fczel eserlerle dinleyicilere unutulmaz anlar ya\u015fatt\u0131. Vatanda\u015flar\u0131n yo\u011fun ilgi g\u00f6sterdi\u011fi konser, Miryokefalon Zaferinin tarihi \u00f6nemine yak\u0131\u015f\u0131r \u015fekilde co\u015fkuyla tamamland\u0131.<br \/><\/p>\n","protected":false},"excerpt":{"rendered":"<p>DEN\u0130ZL\u0130 (\u0130HA) \u2013 Denizli\u2019de Anadolu\u2019nun T\u00fcrk yurdu olarak kalmas\u0131n\u0131 per\u00e7inleyen 1176 Miryokefalon Zaferini anma etkinlikleri, \u00c7ivril Cumhuriyet Meydan\u0131nda d\u00fczenlenen halk konseriyle sona erdi. Anadolu\u2019nun T\u00fcrk yurdu olarak kalmas\u0131n\u0131 per\u00e7inleyen 1176 Miryokefalon Zaferi etkinlikleri, Denizli\u2019de ger\u00e7ekle\u015fen, &#8220;\u00c7ivril Miryokefalon Zaferi&#8221; konulu foto\u011fraf sergisi ve \u00c7atal\u00e7e\u015fme Oda Tiyatrosu\u2019nda d\u00fczenlenen panelin ard\u0131ndan \u00c7ivril\u2019de halk konseriyle tamamland\u0131. Konserde, orta asya&#8230;<\/p>\n","protected":false},"author":1,"featured_media":55858,"comment_status":"open","ping_status":"open","sticky":false,"template":"","format":"standard","meta":{"_crdt_document":"","footnotes":""},"categories":[1],"tags":[],"class_list":["post-55857","post","type-post","status-publish","format-standard","has-post-thumbnail","hentry","category-guncel"],"_links":{"self":[{"href":"https:\/\/www.egemtv.com\/index.php?rest_route=\/wp\/v2\/posts\/55857","targetHints":{"allow":["GET"]}}],"collection":[{"href":"https:\/\/www.egemtv.com\/index.php?rest_route=\/wp\/v2\/posts"}],"about":[{"href":"https:\/\/www.egemtv.com\/index.php?rest_route=\/wp\/v2\/types\/post"}],"author":[{"embeddable":true,"href":"https:\/\/www.egemtv.com\/index.php?rest_route=\/wp\/v2\/users\/1"}],"replies":[{"embeddable":true,"href":"https:\/\/www.egemtv.com\/index.php?rest_route=%2Fwp%2Fv2%2Fcomments&post=55857"}],"version-history":[{"count":1,"href":"https:\/\/www.egemtv.com\/index.php?rest_route=\/wp\/v2\/posts\/55857\/revisions"}],"predecessor-version":[{"id":55859,"href":"https:\/\/www.egemtv.com\/index.php?rest_route=\/wp\/v2\/posts\/55857\/revisions\/55859"}],"wp:featuredmedia":[{"embeddable":true,"href":"https:\/\/www.egemtv.com\/index.php?rest_route=\/wp\/v2\/media\/55858"}],"wp:attachment":[{"href":"https:\/\/www.egemtv.com\/index.php?rest_route=%2Fwp%2Fv2%2Fmedia&parent=55857"}],"wp:term":[{"taxonomy":"category","embeddable":true,"href":"https:\/\/www.egemtv.com\/index.php?rest_route=%2Fwp%2Fv2%2Fcategories&post=55857"},{"taxonomy":"post_tag","embeddable":true,"href":"https:\/\/www.egemtv.com\/index.php?rest_route=%2Fwp%2Fv2%2Ftags&post=55857"}],"curies":[{"name":"wp","href":"https:\/\/api.w.org\/{rel}","templated":true}]}}