{"id":55854,"date":"2025-09-19T09:54:49","date_gmt":"2025-09-19T06:54:49","guid":{"rendered":"https:\/\/www.egemtv.com\/?p=55854"},"modified":"2025-09-19T09:54:50","modified_gmt":"2025-09-19T06:54:50","slug":"sabah-pazar-yeri-gece-dugun-salonu-olan-alan-vatandaslari-canindan-bezdirdi","status":"publish","type":"post","link":"https:\/\/www.egemtv.com\/?p=55854","title":{"rendered":"Sabah pazar yeri, gece d\u00fc\u011f\u00fcn salonu olan alan vatanda\u015flar\u0131 can\u0131ndan bezdirdi"},"content":{"rendered":"<p>Afyonkarahisar\u2019\u0131n Ba\u015fmak\u00e7\u0131 il\u00e7esinde pazar yerinde yap\u0131lan d\u00fc\u011f\u00fcnler vatanda\u015flar\u0131 can\u0131ndan bezdirirken, 9 bin n\u00fcfuslu il\u00e7ede CHP\u2019li belediyenin se\u00e7im vaatleri aras\u0131nda yer alan d\u00fc\u011f\u00fcn salonu projesini ger\u00e7ekle\u015ftirmesi ise il\u00e7ede bir ba\u015fka tepkiye neden olan konu.<br \/>\n<br \/>Ba\u015fmak\u00e7\u0131\u2019da d\u00fc\u011f\u00fcnler, y\u0131llard\u0131r enteresan bir yerde yap\u0131l\u0131yor. D\u00fc\u011f\u00fcn salonunun olmad\u0131\u011f\u0131 yakla\u015f\u0131k 9 bin n\u00fcfusu il\u00e7edeki \u00e7e\u015fitli merasimler, CHP\u2019li belediyeye ait olan pazaryerinde ger\u00e7ekle\u015ftiriliyor. Sabah pazarc\u0131 esnaf\u0131n\u0131n meyve ve sebze satt\u0131\u011f\u0131 alan, ak\u015fam m\u00fczikli e\u011flencelere ev sahipli\u011fi yap\u0131yor. \u0130l\u00e7eye \u015fehir d\u0131\u015f\u0131ndan gelip pazaryerinde yap\u0131lan d\u00fc\u011f\u00fcn merasimlerini g\u00f6renler ise \u015fa\u015fk\u0131nl\u0131klar\u0131n\u0131 gizleyemiyor.<br \/>\n<br \/>Bu s\u0131ra d\u0131\u015f\u0131 manzara \u00f6zellikle pazaryeri \u00e7evresinde ya\u015fayan il\u00e7e sakinlerini adeta can\u0131ndan bezdirdi. \u00c7evre sakinleri haftada 3 g\u00fcn yap\u0131lan d\u00fc\u011f\u00fcnler nedeniyle evlerinde oturamaz duruma geldi. CHP\u2019li belediye se\u00e7im vaatlerini aras\u0131nda yer alan d\u00fc\u011f\u00fcn salonu yapt\u0131r\u0131lmas\u0131 projesini ger\u00e7ekle\u015ftirmemesinin yan\u0131nda pazar yerinde yap\u0131lan d\u00fc\u011f\u00fcnlerden kira \u00fccreti almas\u0131 ise bir ba\u015fka d\u00fc\u015f\u00fcnd\u00fcr\u00fcc\u00fc konu olarak il\u00e7ede tepkilere neden oluyor.<br \/><\/p>\n","protected":false},"excerpt":{"rendered":"<p>Afyonkarahisar\u2019\u0131n Ba\u015fmak\u00e7\u0131 il\u00e7esinde pazar yerinde yap\u0131lan d\u00fc\u011f\u00fcnler vatanda\u015flar\u0131 can\u0131ndan bezdirirken, 9 bin n\u00fcfuslu il\u00e7ede CHP\u2019li belediyenin se\u00e7im vaatleri aras\u0131nda yer alan d\u00fc\u011f\u00fcn salonu projesini ger\u00e7ekle\u015ftirmesi ise il\u00e7ede bir ba\u015fka tepkiye neden olan konu. Ba\u015fmak\u00e7\u0131\u2019da d\u00fc\u011f\u00fcnler, y\u0131llard\u0131r enteresan bir yerde yap\u0131l\u0131yor. D\u00fc\u011f\u00fcn salonunun olmad\u0131\u011f\u0131 yakla\u015f\u0131k 9 bin n\u00fcfusu il\u00e7edeki \u00e7e\u015fitli merasimler, CHP\u2019li belediyeye ait olan pazaryerinde&#8230;<\/p>\n","protected":false},"author":1,"featured_media":55855,"comment_status":"open","ping_status":"open","sticky":false,"template":"","format":"standard","meta":{"_crdt_document":"","footnotes":""},"categories":[1],"tags":[],"class_list":["post-55854","post","type-post","status-publish","format-standard","has-post-thumbnail","hentry","category-guncel"],"_links":{"self":[{"href":"https:\/\/www.egemtv.com\/index.php?rest_route=\/wp\/v2\/posts\/55854","targetHints":{"allow":["GET"]}}],"collection":[{"href":"https:\/\/www.egemtv.com\/index.php?rest_route=\/wp\/v2\/posts"}],"about":[{"href":"https:\/\/www.egemtv.com\/index.php?rest_route=\/wp\/v2\/types\/post"}],"author":[{"embeddable":true,"href":"https:\/\/www.egemtv.com\/index.php?rest_route=\/wp\/v2\/users\/1"}],"replies":[{"embeddable":true,"href":"https:\/\/www.egemtv.com\/index.php?rest_route=%2Fwp%2Fv2%2Fcomments&post=55854"}],"version-history":[{"count":1,"href":"https:\/\/www.egemtv.com\/index.php?rest_route=\/wp\/v2\/posts\/55854\/revisions"}],"predecessor-version":[{"id":55856,"href":"https:\/\/www.egemtv.com\/index.php?rest_route=\/wp\/v2\/posts\/55854\/revisions\/55856"}],"wp:featuredmedia":[{"embeddable":true,"href":"https:\/\/www.egemtv.com\/index.php?rest_route=\/wp\/v2\/media\/55855"}],"wp:attachment":[{"href":"https:\/\/www.egemtv.com\/index.php?rest_route=%2Fwp%2Fv2%2Fmedia&parent=55854"}],"wp:term":[{"taxonomy":"category","embeddable":true,"href":"https:\/\/www.egemtv.com\/index.php?rest_route=%2Fwp%2Fv2%2Fcategories&post=55854"},{"taxonomy":"post_tag","embeddable":true,"href":"https:\/\/www.egemtv.com\/index.php?rest_route=%2Fwp%2Fv2%2Ftags&post=55854"}],"curies":[{"name":"wp","href":"https:\/\/api.w.org\/{rel}","templated":true}]}}