{"id":55848,"date":"2025-09-19T09:35:05","date_gmt":"2025-09-19T06:35:05","guid":{"rendered":"https:\/\/www.egemtv.com\/?p=55848"},"modified":"2025-09-19T09:35:06","modified_gmt":"2025-09-19T06:35:06","slug":"sokede-pamukta-pembekurt-zararlisina-karsi-uyari","status":"publish","type":"post","link":"https:\/\/www.egemtv.com\/?p=55848","title":{"rendered":"S\u00f6ke\u2019de pamukta pembekurt zararl\u0131s\u0131na kar\u015f\u0131 uyar\u0131"},"content":{"rendered":"<p>Ayd\u0131n\u2019\u0131n S\u00f6ke il\u00e7esinde pamuk ekili alanlarda yap\u0131lan kontrollerde pembekurt zararl\u0131s\u0131n\u0131n pop\u00fclasyonunda \u00f6nemli art\u0131\u015f g\u00f6zlenirken, \u00fcreticiler dikkatli olunmas\u0131 konusunda uyar\u0131ld\u0131.<\/p>\n<p>S\u00f6ke \u0130l\u00e7e Tar\u0131m ve Orman M\u00fcd\u00fcrl\u00fc\u011f\u00fc, pamuk ekili alanlarda pembekurt zararl\u0131s\u0131n\u0131n artt\u0131\u011f\u0131n\u0131 belirterek \u00fcreticileri ekili alanlar\u0131n\u0131 kontrol etmeye ve gerekirse ruhsatl\u0131 ila\u00e7larla m\u00fccadele etmeye \u00e7a\u011f\u0131rd\u0131. S\u00f6ke \u0130l\u00e7e Tar\u0131m ve Orman M\u00fcd\u00fcrl\u00fc\u011f\u00fc\u2019nden yap\u0131lan a\u00e7\u0131klamada, \u00e7ift\u00e7ilerin pamuk tarlalar\u0131n\u0131 d\u00fczenli olarak kontrol etmeleri gerekti\u011fi belirtilerek, &#8220;Ekili alanlarda yap\u0131lan kontrollerde zararl\u0131 pop\u00fclasyonunda \u00f6nemli art\u0131\u015f g\u00f6zlenmi\u015ftir. \u00dcreticilerimizin ekili alanlar\u0131n\u0131 kontrol ederek gerekli ise ruhsatl\u0131 ila\u00e7lar ile m\u00fccadele yapmalar\u0131 gerekti\u011fini hat\u0131rlat\u0131r\u0131z&#8221; ifadeleri yer ald\u0131.<br \/><\/p>\n","protected":false},"excerpt":{"rendered":"<p>Ayd\u0131n\u2019\u0131n S\u00f6ke il\u00e7esinde pamuk ekili alanlarda yap\u0131lan kontrollerde pembekurt zararl\u0131s\u0131n\u0131n pop\u00fclasyonunda \u00f6nemli art\u0131\u015f g\u00f6zlenirken, \u00fcreticiler dikkatli olunmas\u0131 konusunda uyar\u0131ld\u0131. S\u00f6ke \u0130l\u00e7e Tar\u0131m ve Orman M\u00fcd\u00fcrl\u00fc\u011f\u00fc, pamuk ekili alanlarda pembekurt zararl\u0131s\u0131n\u0131n artt\u0131\u011f\u0131n\u0131 belirterek \u00fcreticileri ekili alanlar\u0131n\u0131 kontrol etmeye ve gerekirse ruhsatl\u0131 ila\u00e7larla m\u00fccadele etmeye \u00e7a\u011f\u0131rd\u0131. S\u00f6ke \u0130l\u00e7e Tar\u0131m ve Orman M\u00fcd\u00fcrl\u00fc\u011f\u00fc\u2019nden yap\u0131lan a\u00e7\u0131klamada, \u00e7ift\u00e7ilerin pamuk tarlalar\u0131n\u0131&#8230;<\/p>\n","protected":false},"author":1,"featured_media":55849,"comment_status":"open","ping_status":"open","sticky":false,"template":"","format":"standard","meta":{"_crdt_document":"","footnotes":""},"categories":[1],"tags":[],"class_list":["post-55848","post","type-post","status-publish","format-standard","has-post-thumbnail","hentry","category-guncel"],"_links":{"self":[{"href":"https:\/\/www.egemtv.com\/index.php?rest_route=\/wp\/v2\/posts\/55848","targetHints":{"allow":["GET"]}}],"collection":[{"href":"https:\/\/www.egemtv.com\/index.php?rest_route=\/wp\/v2\/posts"}],"about":[{"href":"https:\/\/www.egemtv.com\/index.php?rest_route=\/wp\/v2\/types\/post"}],"author":[{"embeddable":true,"href":"https:\/\/www.egemtv.com\/index.php?rest_route=\/wp\/v2\/users\/1"}],"replies":[{"embeddable":true,"href":"https:\/\/www.egemtv.com\/index.php?rest_route=%2Fwp%2Fv2%2Fcomments&post=55848"}],"version-history":[{"count":1,"href":"https:\/\/www.egemtv.com\/index.php?rest_route=\/wp\/v2\/posts\/55848\/revisions"}],"predecessor-version":[{"id":55850,"href":"https:\/\/www.egemtv.com\/index.php?rest_route=\/wp\/v2\/posts\/55848\/revisions\/55850"}],"wp:featuredmedia":[{"embeddable":true,"href":"https:\/\/www.egemtv.com\/index.php?rest_route=\/wp\/v2\/media\/55849"}],"wp:attachment":[{"href":"https:\/\/www.egemtv.com\/index.php?rest_route=%2Fwp%2Fv2%2Fmedia&parent=55848"}],"wp:term":[{"taxonomy":"category","embeddable":true,"href":"https:\/\/www.egemtv.com\/index.php?rest_route=%2Fwp%2Fv2%2Fcategories&post=55848"},{"taxonomy":"post_tag","embeddable":true,"href":"https:\/\/www.egemtv.com\/index.php?rest_route=%2Fwp%2Fv2%2Ftags&post=55848"}],"curies":[{"name":"wp","href":"https:\/\/api.w.org\/{rel}","templated":true}]}}