{"id":55845,"date":"2025-09-19T09:35:04","date_gmt":"2025-09-19T06:35:04","guid":{"rendered":"https:\/\/www.egemtv.com\/?p=55845"},"modified":"2025-09-19T09:35:05","modified_gmt":"2025-09-19T06:35:05","slug":"temiz-bir-kutahya-icin-cop-toplama-etkinligi-duzenlendi","status":"publish","type":"post","link":"https:\/\/www.egemtv.com\/?p=55845","title":{"rendered":"Temiz bir K\u00fctahya i\u00e7in \u00e7\u00f6p toplama etkinli\u011fi d\u00fczenlendi"},"content":{"rendered":"<p>K\u00fctahya Belediyesi, TEMA Vakf\u0131 i\u015f birli\u011fiyle Avrupa Hareketlilik Haftas\u0131 kapsam\u0131nda, \u00e7evre bilincini art\u0131rmak ve temiz bir K\u00fctahya i\u00e7in \u00e7\u00f6p toplama etkinli\u011fi d\u00fczenledi.<br \/>\n<br \/>Etkinlikte, \u00f6\u011frenciler ve belediye personeli parklar ve y\u00fcr\u00fcy\u00fc\u015f yollar\u0131ndaki at\u0131klar\u0131 toplad\u0131. Etkinlik boyunca \u00e7evre temizli\u011fine dikkat \u00e7ekilirken, do\u011fay\u0131 koruman\u0131n \u00f6nemi vurguland\u0131.<br \/>\n<br \/>K\u00fctahya Belediyesi, gelecek nesillere daha ya\u015fanabilir bir \u00e7evre b\u0131rakmak i\u00e7in benzer etkinlikleri s\u00fcrd\u00fcrece\u011fini a\u00e7\u0131klad\u0131.<br \/><\/p>\n","protected":false},"excerpt":{"rendered":"<p>K\u00fctahya Belediyesi, TEMA Vakf\u0131 i\u015f birli\u011fiyle Avrupa Hareketlilik Haftas\u0131 kapsam\u0131nda, \u00e7evre bilincini art\u0131rmak ve temiz bir K\u00fctahya i\u00e7in \u00e7\u00f6p toplama etkinli\u011fi d\u00fczenledi. Etkinlikte, \u00f6\u011frenciler ve belediye personeli parklar ve y\u00fcr\u00fcy\u00fc\u015f yollar\u0131ndaki at\u0131klar\u0131 toplad\u0131. Etkinlik boyunca \u00e7evre temizli\u011fine dikkat \u00e7ekilirken, do\u011fay\u0131 koruman\u0131n \u00f6nemi vurguland\u0131. K\u00fctahya Belediyesi, gelecek nesillere daha ya\u015fanabilir bir \u00e7evre b\u0131rakmak i\u00e7in benzer etkinlikleri&#8230;<\/p>\n","protected":false},"author":1,"featured_media":55846,"comment_status":"open","ping_status":"open","sticky":false,"template":"","format":"standard","meta":{"_crdt_document":"","footnotes":""},"categories":[1],"tags":[],"class_list":["post-55845","post","type-post","status-publish","format-standard","has-post-thumbnail","hentry","category-guncel"],"_links":{"self":[{"href":"https:\/\/www.egemtv.com\/index.php?rest_route=\/wp\/v2\/posts\/55845","targetHints":{"allow":["GET"]}}],"collection":[{"href":"https:\/\/www.egemtv.com\/index.php?rest_route=\/wp\/v2\/posts"}],"about":[{"href":"https:\/\/www.egemtv.com\/index.php?rest_route=\/wp\/v2\/types\/post"}],"author":[{"embeddable":true,"href":"https:\/\/www.egemtv.com\/index.php?rest_route=\/wp\/v2\/users\/1"}],"replies":[{"embeddable":true,"href":"https:\/\/www.egemtv.com\/index.php?rest_route=%2Fwp%2Fv2%2Fcomments&post=55845"}],"version-history":[{"count":1,"href":"https:\/\/www.egemtv.com\/index.php?rest_route=\/wp\/v2\/posts\/55845\/revisions"}],"predecessor-version":[{"id":55847,"href":"https:\/\/www.egemtv.com\/index.php?rest_route=\/wp\/v2\/posts\/55845\/revisions\/55847"}],"wp:featuredmedia":[{"embeddable":true,"href":"https:\/\/www.egemtv.com\/index.php?rest_route=\/wp\/v2\/media\/55846"}],"wp:attachment":[{"href":"https:\/\/www.egemtv.com\/index.php?rest_route=%2Fwp%2Fv2%2Fmedia&parent=55845"}],"wp:term":[{"taxonomy":"category","embeddable":true,"href":"https:\/\/www.egemtv.com\/index.php?rest_route=%2Fwp%2Fv2%2Fcategories&post=55845"},{"taxonomy":"post_tag","embeddable":true,"href":"https:\/\/www.egemtv.com\/index.php?rest_route=%2Fwp%2Fv2%2Ftags&post=55845"}],"curies":[{"name":"wp","href":"https:\/\/api.w.org\/{rel}","templated":true}]}}