{"id":55842,"date":"2025-09-19T09:35:03","date_gmt":"2025-09-19T06:35:03","guid":{"rendered":"https:\/\/www.egemtv.com\/?p=55842"},"modified":"2025-09-19T09:35:04","modified_gmt":"2025-09-19T06:35:04","slug":"tavsanlida-iki-motosiklet-carpisti-suruculeri-yaralandi","status":"publish","type":"post","link":"https:\/\/www.egemtv.com\/?p=55842","title":{"rendered":"Tav\u015fanl\u0131\u2019da iki motosiklet \u00e7arp\u0131\u015ft\u0131 s\u00fcr\u00fcc\u00fcleri yaraland\u0131"},"content":{"rendered":"<p>K\u00fctahya\u2019n\u0131n Tav\u015fanl\u0131 il\u00e7esinde iki motosikletin \u00e7arp\u0131\u015fmas\u0131 sonucu meydana gelen trafik kazas\u0131nda s\u00fcr\u00fcc\u00fcler yaraland\u0131.<br \/>\n<br \/>Kaza, Da\u011f\u00e7e\u015fme Mahallesi Kelebek Sokak ile Muradiye Sokak kav\u015fa\u011f\u0131nda meydana geldi. B.K idaresindeki 43 EP 582 plakal\u0131 motosikleti ile Muradiye Sokak Kav\u015fa\u011f\u0131ndan sola d\u00f6nd\u00fc\u011f\u00fc esnada Kelebek Sokaktan kav\u015fa\u011fa gelmekte olan \u0130.Z. idaresindeki 43 AGJ 350 plakal\u0131 motosiklet ile \u00e7arp\u0131\u015ft\u0131. \u00c7arp\u0131\u015fman\u0131n etkisiyle her iki motosiklet s\u00fcr\u00fcc\u00fcs\u00fc de yaraland\u0131. Yaral\u0131lar 112 acil servis ekiplerinin ilk m\u00fcdahalesinin ard\u0131ndan Tav\u015fanl\u0131 Do\u00e7. Dr. Mustafa Kalemli Devlet Hastanesine kald\u0131r\u0131larak tedavi alt\u0131na al\u0131nd\u0131.<br \/>\n<br \/>Kazayla ilgili soru\u015fturma s\u00fcr\u00fcyor.<br \/><\/p>\n","protected":false},"excerpt":{"rendered":"<p>K\u00fctahya\u2019n\u0131n Tav\u015fanl\u0131 il\u00e7esinde iki motosikletin \u00e7arp\u0131\u015fmas\u0131 sonucu meydana gelen trafik kazas\u0131nda s\u00fcr\u00fcc\u00fcler yaraland\u0131. Kaza, Da\u011f\u00e7e\u015fme Mahallesi Kelebek Sokak ile Muradiye Sokak kav\u015fa\u011f\u0131nda meydana geldi. B.K idaresindeki 43 EP 582 plakal\u0131 motosikleti ile Muradiye Sokak Kav\u015fa\u011f\u0131ndan sola d\u00f6nd\u00fc\u011f\u00fc esnada Kelebek Sokaktan kav\u015fa\u011fa gelmekte olan \u0130.Z. idaresindeki 43 AGJ 350 plakal\u0131 motosiklet ile \u00e7arp\u0131\u015ft\u0131. \u00c7arp\u0131\u015fman\u0131n etkisiyle her&#8230;<\/p>\n","protected":false},"author":1,"featured_media":55843,"comment_status":"open","ping_status":"open","sticky":false,"template":"","format":"standard","meta":{"_crdt_document":"","footnotes":""},"categories":[5],"tags":[],"class_list":["post-55842","post","type-post","status-publish","format-standard","has-post-thumbnail","hentry","category-asayis"],"_links":{"self":[{"href":"https:\/\/www.egemtv.com\/index.php?rest_route=\/wp\/v2\/posts\/55842","targetHints":{"allow":["GET"]}}],"collection":[{"href":"https:\/\/www.egemtv.com\/index.php?rest_route=\/wp\/v2\/posts"}],"about":[{"href":"https:\/\/www.egemtv.com\/index.php?rest_route=\/wp\/v2\/types\/post"}],"author":[{"embeddable":true,"href":"https:\/\/www.egemtv.com\/index.php?rest_route=\/wp\/v2\/users\/1"}],"replies":[{"embeddable":true,"href":"https:\/\/www.egemtv.com\/index.php?rest_route=%2Fwp%2Fv2%2Fcomments&post=55842"}],"version-history":[{"count":1,"href":"https:\/\/www.egemtv.com\/index.php?rest_route=\/wp\/v2\/posts\/55842\/revisions"}],"predecessor-version":[{"id":55844,"href":"https:\/\/www.egemtv.com\/index.php?rest_route=\/wp\/v2\/posts\/55842\/revisions\/55844"}],"wp:featuredmedia":[{"embeddable":true,"href":"https:\/\/www.egemtv.com\/index.php?rest_route=\/wp\/v2\/media\/55843"}],"wp:attachment":[{"href":"https:\/\/www.egemtv.com\/index.php?rest_route=%2Fwp%2Fv2%2Fmedia&parent=55842"}],"wp:term":[{"taxonomy":"category","embeddable":true,"href":"https:\/\/www.egemtv.com\/index.php?rest_route=%2Fwp%2Fv2%2Fcategories&post=55842"},{"taxonomy":"post_tag","embeddable":true,"href":"https:\/\/www.egemtv.com\/index.php?rest_route=%2Fwp%2Fv2%2Ftags&post=55842"}],"curies":[{"name":"wp","href":"https:\/\/api.w.org\/{rel}","templated":true}]}}