{"id":55836,"date":"2025-09-19T09:14:35","date_gmt":"2025-09-19T06:14:35","guid":{"rendered":"https:\/\/www.egemtv.com\/?p=55836"},"modified":"2025-09-19T09:14:36","modified_gmt":"2025-09-19T06:14:36","slug":"kusadasinda-engelli-bireyleri-gunesten-koruyan-golgeliklere-zarar-verildi","status":"publish","type":"post","link":"https:\/\/www.egemtv.com\/?p=55836","title":{"rendered":"Ku\u015fadas\u0131\u2019nda engelli bireyleri g\u00fcne\u015ften koruyan g\u00f6lgeliklere zarar verildi"},"content":{"rendered":"<p>Ayd\u0131n\u2019\u0131n Ku\u015fadas\u0131 il\u00e7esinde Marina mevkiinde bulunan plaja, engelli bireylerin g\u00fcne\u015ften korunmas\u0131 i\u00e7in Ku\u015fadas\u0131 Belediyesi taraf\u0131ndan yerle\u015ftirilen g\u00f6lgeli\u011fe zarar verildi. G\u00fcvenlik kameralar\u0131n\u0131n incelenmesiyle kimlikleri tespit edilen ki\u015filer hakk\u0131nda savc\u0131l\u0131\u011fa su\u00e7 duyurusunda bulunulaca\u011f\u0131 bildirildi.<\/p>\n<p>Ku\u015fadas\u0131\u2019nda parklar ve kentin Mavi bayrakl\u0131 plajlar\u0131 ba\u015fta olmak \u00fczere kamusal alanlara y\u00f6nelik ger\u00e7ekle\u015ftirilen sald\u0131r\u0131lara bir yenisi daha eklendi. Bu kapsamda Marina mevkiinde bulunan engelsiz plaj\u0131na, Ku\u015fadas\u0131 Belediyesi taraf\u0131ndan engelli bireylerin g\u00fcne\u015ften korunmas\u0131 i\u00e7in yerle\u015ftirilen g\u00f6lgeli\u011fe zarar verildi. Sabah saatlerinde denize girmek i\u00e7in plaja gelenlerin durumu bildirmesi \u00fczerine g\u00fcvenlik kameras\u0131n\u0131 inceleyen yetkililer, sorumlular\u0131n kimliklerini tespit etti. Ku\u015fadas\u0131 Belediyesi yetkilileri yapt\u0131klar\u0131 a\u00e7\u0131klamada, g\u00f6lgeli\u011fi tahrip edenler hakk\u0131nda su\u00e7 duyurusunda bulunup, hukuki s\u00fcrecin sonuna kadar takip\u00e7isi olacaklar\u0131n\u0131 belirtti.<br \/><\/p>\n","protected":false},"excerpt":{"rendered":"<p>Ayd\u0131n\u2019\u0131n Ku\u015fadas\u0131 il\u00e7esinde Marina mevkiinde bulunan plaja, engelli bireylerin g\u00fcne\u015ften korunmas\u0131 i\u00e7in Ku\u015fadas\u0131 Belediyesi taraf\u0131ndan yerle\u015ftirilen g\u00f6lgeli\u011fe zarar verildi. G\u00fcvenlik kameralar\u0131n\u0131n incelenmesiyle kimlikleri tespit edilen ki\u015filer hakk\u0131nda savc\u0131l\u0131\u011fa su\u00e7 duyurusunda bulunulaca\u011f\u0131 bildirildi. Ku\u015fadas\u0131\u2019nda parklar ve kentin Mavi bayrakl\u0131 plajlar\u0131 ba\u015fta olmak \u00fczere kamusal alanlara y\u00f6nelik ger\u00e7ekle\u015ftirilen sald\u0131r\u0131lara bir yenisi daha eklendi. Bu kapsamda Marina mevkiinde&#8230;<\/p>\n","protected":false},"author":1,"featured_media":55837,"comment_status":"open","ping_status":"open","sticky":false,"template":"","format":"standard","meta":{"_crdt_document":"","footnotes":""},"categories":[5],"tags":[],"class_list":["post-55836","post","type-post","status-publish","format-standard","has-post-thumbnail","hentry","category-asayis"],"_links":{"self":[{"href":"https:\/\/www.egemtv.com\/index.php?rest_route=\/wp\/v2\/posts\/55836","targetHints":{"allow":["GET"]}}],"collection":[{"href":"https:\/\/www.egemtv.com\/index.php?rest_route=\/wp\/v2\/posts"}],"about":[{"href":"https:\/\/www.egemtv.com\/index.php?rest_route=\/wp\/v2\/types\/post"}],"author":[{"embeddable":true,"href":"https:\/\/www.egemtv.com\/index.php?rest_route=\/wp\/v2\/users\/1"}],"replies":[{"embeddable":true,"href":"https:\/\/www.egemtv.com\/index.php?rest_route=%2Fwp%2Fv2%2Fcomments&post=55836"}],"version-history":[{"count":1,"href":"https:\/\/www.egemtv.com\/index.php?rest_route=\/wp\/v2\/posts\/55836\/revisions"}],"predecessor-version":[{"id":55838,"href":"https:\/\/www.egemtv.com\/index.php?rest_route=\/wp\/v2\/posts\/55836\/revisions\/55838"}],"wp:featuredmedia":[{"embeddable":true,"href":"https:\/\/www.egemtv.com\/index.php?rest_route=\/wp\/v2\/media\/55837"}],"wp:attachment":[{"href":"https:\/\/www.egemtv.com\/index.php?rest_route=%2Fwp%2Fv2%2Fmedia&parent=55836"}],"wp:term":[{"taxonomy":"category","embeddable":true,"href":"https:\/\/www.egemtv.com\/index.php?rest_route=%2Fwp%2Fv2%2Fcategories&post=55836"},{"taxonomy":"post_tag","embeddable":true,"href":"https:\/\/www.egemtv.com\/index.php?rest_route=%2Fwp%2Fv2%2Ftags&post=55836"}],"curies":[{"name":"wp","href":"https:\/\/api.w.org\/{rel}","templated":true}]}}