{"id":55833,"date":"2025-09-19T08:55:45","date_gmt":"2025-09-19T05:55:45","guid":{"rendered":"https:\/\/www.egemtv.com\/?p=55833"},"modified":"2025-09-19T08:55:46","modified_gmt":"2025-09-19T05:55:46","slug":"ureticiden-sofraya-saglikli-urunler-bu-pazarda","status":"publish","type":"post","link":"https:\/\/www.egemtv.com\/?p=55833","title":{"rendered":"\u00dcreticiden sofraya sa\u011fl\u0131kl\u0131 \u00fcr\u00fcnler bu pazarda"},"content":{"rendered":"<p>Ku\u015fadas\u0131 Belediyesi taraf\u0131ndan yerel \u00fcreticiler ile sa\u011fl\u0131kl\u0131 beslenmek isteyen t\u00fcketicileri arac\u0131s\u0131z bulu\u015fturmak amac\u0131yla Cumhuriyet Mahallesi Bur\u00e7 Sokak\u2019ta kurulan \u2018Yerel \u00dcretici Sergisi\u2019ilgi g\u00f6rmeye devam ediyor.<\/p>\n<p>Ku\u015fadas\u0131 Belediyesi taraf\u0131ndan 2019 y\u0131l\u0131nda a\u00e7\u0131ld\u0131\u011f\u0131 ilk g\u00fcnden bu yana uygun fiyata do\u011fal ve sa\u011fl\u0131kl\u0131 \u00fcr\u00fcnlerin sat\u0131ld\u0131\u011f\u0131 adres olan yerel \u00fcretici sergisinin tezgahlar\u0131n\u0131 mevsimlik sebze ve meyveler s\u00fcsl\u00fcyor. Ku\u015fadas\u0131\u2019n\u0131n k\u0131rsal mahalleleri olan Kirazl\u0131, Caferli, \u00c7\u0131nar ve So\u011fucak\u2019ta ya\u015fayan yerel \u00fcreticilerin iyi tar\u0131m uygulamalar\u0131 ile \u00fcrettikleri \u00fcr\u00fcnlerini be\u011feniye sundu\u011fu pazar, rengarenk g\u00f6r\u00fcn\u00fcm\u00fcyle de dikkat \u00e7ekiyor. Ege y\u00f6resine has zeytin, zeytinya\u011f\u0131, k\u00f6y ekme\u011fi, sirke, re\u00e7el ve tur\u015fu gibi \u00fcr\u00fcnlerin yan\u0131 s\u0131ra ke\u015fkek, sarma, a\u015fure, i\u00e7li k\u00f6fte, otlu b\u00f6rek ve bazlama gibi yerel tatlar da pazar\u0131n en \u00e7ok ra\u011fbet g\u00f6ren \u00fcr\u00fcnleri aras\u0131nda yer al\u0131yor.<br \/><\/p>\n","protected":false},"excerpt":{"rendered":"<p>Ku\u015fadas\u0131 Belediyesi taraf\u0131ndan yerel \u00fcreticiler ile sa\u011fl\u0131kl\u0131 beslenmek isteyen t\u00fcketicileri arac\u0131s\u0131z bulu\u015fturmak amac\u0131yla Cumhuriyet Mahallesi Bur\u00e7 Sokak\u2019ta kurulan \u2018Yerel \u00dcretici Sergisi\u2019ilgi g\u00f6rmeye devam ediyor. Ku\u015fadas\u0131 Belediyesi taraf\u0131ndan 2019 y\u0131l\u0131nda a\u00e7\u0131ld\u0131\u011f\u0131 ilk g\u00fcnden bu yana uygun fiyata do\u011fal ve sa\u011fl\u0131kl\u0131 \u00fcr\u00fcnlerin sat\u0131ld\u0131\u011f\u0131 adres olan yerel \u00fcretici sergisinin tezgahlar\u0131n\u0131 mevsimlik sebze ve meyveler s\u00fcsl\u00fcyor. Ku\u015fadas\u0131\u2019n\u0131n k\u0131rsal mahalleleri&#8230;<\/p>\n","protected":false},"author":1,"featured_media":55834,"comment_status":"open","ping_status":"open","sticky":false,"template":"","format":"standard","meta":{"_crdt_document":"","footnotes":""},"categories":[125],"tags":[],"class_list":["post-55833","post","type-post","status-publish","format-standard","has-post-thumbnail","hentry","category-ekonomi"],"_links":{"self":[{"href":"https:\/\/www.egemtv.com\/index.php?rest_route=\/wp\/v2\/posts\/55833","targetHints":{"allow":["GET"]}}],"collection":[{"href":"https:\/\/www.egemtv.com\/index.php?rest_route=\/wp\/v2\/posts"}],"about":[{"href":"https:\/\/www.egemtv.com\/index.php?rest_route=\/wp\/v2\/types\/post"}],"author":[{"embeddable":true,"href":"https:\/\/www.egemtv.com\/index.php?rest_route=\/wp\/v2\/users\/1"}],"replies":[{"embeddable":true,"href":"https:\/\/www.egemtv.com\/index.php?rest_route=%2Fwp%2Fv2%2Fcomments&post=55833"}],"version-history":[{"count":1,"href":"https:\/\/www.egemtv.com\/index.php?rest_route=\/wp\/v2\/posts\/55833\/revisions"}],"predecessor-version":[{"id":55835,"href":"https:\/\/www.egemtv.com\/index.php?rest_route=\/wp\/v2\/posts\/55833\/revisions\/55835"}],"wp:featuredmedia":[{"embeddable":true,"href":"https:\/\/www.egemtv.com\/index.php?rest_route=\/wp\/v2\/media\/55834"}],"wp:attachment":[{"href":"https:\/\/www.egemtv.com\/index.php?rest_route=%2Fwp%2Fv2%2Fmedia&parent=55833"}],"wp:term":[{"taxonomy":"category","embeddable":true,"href":"https:\/\/www.egemtv.com\/index.php?rest_route=%2Fwp%2Fv2%2Fcategories&post=55833"},{"taxonomy":"post_tag","embeddable":true,"href":"https:\/\/www.egemtv.com\/index.php?rest_route=%2Fwp%2Fv2%2Ftags&post=55833"}],"curies":[{"name":"wp","href":"https:\/\/api.w.org\/{rel}","templated":true}]}}