{"id":55830,"date":"2025-09-19T08:34:37","date_gmt":"2025-09-19T05:34:37","guid":{"rendered":"https:\/\/www.egemtv.com\/?p=55830"},"modified":"2025-09-19T08:34:38","modified_gmt":"2025-09-19T05:34:38","slug":"muglanin-yeni-emniyet-muduru-gorevine-basladi","status":"publish","type":"post","link":"https:\/\/www.egemtv.com\/?p=55830","title":{"rendered":"Mu\u011fla\u2019n\u0131n yeni Emniyet M\u00fcd\u00fcr\u00fc g\u00f6revine ba\u015flad\u0131"},"content":{"rendered":"<p>Cumhurba\u015fkanl\u0131\u011f\u0131 Kararnamesi ile Mu\u011fla \u0130l Emniyet M\u00fcd\u00fcrl\u00fc\u011f\u00fc g\u00f6revine atanan S\u00fcleyman Karadeniz, d\u00fczenlenen t\u00f6renle g\u00f6revine ba\u015flad\u0131.<br \/>\n<br \/>Mu\u011fla \u0130l Emniyet M\u00fcd\u00fcrl\u00fc\u011f\u00fc binas\u0131 \u00f6n\u00fcnde ger\u00e7ekle\u015fen kar\u015f\u0131lama t\u00f6renine, \u0130l Emniyet M\u00fcd\u00fcr Yard\u0131mc\u0131lar\u0131, \u015fube m\u00fcd\u00fcrleri ve \u00e7e\u015fitli birim amirleri kat\u0131ld\u0131.<br \/>\n<br \/>G\u00f6revi devralan Karadeniz, t\u00f6renin ard\u0131ndan makam\u0131na ge\u00e7erek yeni g\u00f6revine resmen ba\u015flam\u0131\u015f oldu.<br \/><\/p>\n","protected":false},"excerpt":{"rendered":"<p>Cumhurba\u015fkanl\u0131\u011f\u0131 Kararnamesi ile Mu\u011fla \u0130l Emniyet M\u00fcd\u00fcrl\u00fc\u011f\u00fc g\u00f6revine atanan S\u00fcleyman Karadeniz, d\u00fczenlenen t\u00f6renle g\u00f6revine ba\u015flad\u0131. Mu\u011fla \u0130l Emniyet M\u00fcd\u00fcrl\u00fc\u011f\u00fc binas\u0131 \u00f6n\u00fcnde ger\u00e7ekle\u015fen kar\u015f\u0131lama t\u00f6renine, \u0130l Emniyet M\u00fcd\u00fcr Yard\u0131mc\u0131lar\u0131, \u015fube m\u00fcd\u00fcrleri ve \u00e7e\u015fitli birim amirleri kat\u0131ld\u0131. G\u00f6revi devralan Karadeniz, t\u00f6renin ard\u0131ndan makam\u0131na ge\u00e7erek yeni g\u00f6revine resmen ba\u015flam\u0131\u015f oldu.<\/p>\n","protected":false},"author":1,"featured_media":55831,"comment_status":"open","ping_status":"open","sticky":false,"template":"","format":"standard","meta":{"_crdt_document":"","footnotes":""},"categories":[5],"tags":[],"class_list":["post-55830","post","type-post","status-publish","format-standard","has-post-thumbnail","hentry","category-asayis"],"_links":{"self":[{"href":"https:\/\/www.egemtv.com\/index.php?rest_route=\/wp\/v2\/posts\/55830","targetHints":{"allow":["GET"]}}],"collection":[{"href":"https:\/\/www.egemtv.com\/index.php?rest_route=\/wp\/v2\/posts"}],"about":[{"href":"https:\/\/www.egemtv.com\/index.php?rest_route=\/wp\/v2\/types\/post"}],"author":[{"embeddable":true,"href":"https:\/\/www.egemtv.com\/index.php?rest_route=\/wp\/v2\/users\/1"}],"replies":[{"embeddable":true,"href":"https:\/\/www.egemtv.com\/index.php?rest_route=%2Fwp%2Fv2%2Fcomments&post=55830"}],"version-history":[{"count":1,"href":"https:\/\/www.egemtv.com\/index.php?rest_route=\/wp\/v2\/posts\/55830\/revisions"}],"predecessor-version":[{"id":55832,"href":"https:\/\/www.egemtv.com\/index.php?rest_route=\/wp\/v2\/posts\/55830\/revisions\/55832"}],"wp:featuredmedia":[{"embeddable":true,"href":"https:\/\/www.egemtv.com\/index.php?rest_route=\/wp\/v2\/media\/55831"}],"wp:attachment":[{"href":"https:\/\/www.egemtv.com\/index.php?rest_route=%2Fwp%2Fv2%2Fmedia&parent=55830"}],"wp:term":[{"taxonomy":"category","embeddable":true,"href":"https:\/\/www.egemtv.com\/index.php?rest_route=%2Fwp%2Fv2%2Fcategories&post=55830"},{"taxonomy":"post_tag","embeddable":true,"href":"https:\/\/www.egemtv.com\/index.php?rest_route=%2Fwp%2Fv2%2Ftags&post=55830"}],"curies":[{"name":"wp","href":"https:\/\/api.w.org\/{rel}","templated":true}]}}