{"id":55827,"date":"2025-09-19T08:14:49","date_gmt":"2025-09-19T05:14:49","guid":{"rendered":"https:\/\/www.egemtv.com\/?p=55827"},"modified":"2025-09-19T08:14:49","modified_gmt":"2025-09-19T05:14:49","slug":"mugladaki-yanginlara-havadan-mudahale-basladi","status":"publish","type":"post","link":"https:\/\/www.egemtv.com\/?p=55827","title":{"rendered":"Mu\u011fla\u2019daki yang\u0131nlara havadan m\u00fcdahale ba\u015flad\u0131"},"content":{"rendered":"<p>Mu\u011fla\u2019da d\u00fcn ak\u015fam saatlerinden itibaren pe\u015f pe\u015fe ba\u015flayan 7 ayr\u0131 yang\u0131ndan devam eden 3 orman yang\u0131n\u0131n\u0131 s\u00f6nd\u00fcrme \u00e7al\u0131\u015fmalar\u0131 hava deste\u011fi geldi. Sabah havan\u0131n ayd\u0131nlanmas\u0131 ile birlikte u\u00e7ak ve helikopterler s\u00f6nd\u00fcrme \u00e7al\u0131\u015fmas\u0131na ba\u015flad\u0131. Bu arada r\u00fczgar\u0131n \u015fiddetinin hafiflemesi de yang\u0131n\u0131n h\u0131zl\u0131 ilerlemesini k\u0131smen de olsa durdurdu.<br \/>\n<br \/>Mu\u011fla\u2019da gece saat 22:15\u2019den 03.34\u2019e kadar 7 ayr\u0131 noktada 7 ayr\u0131 orman ve tar\u0131m arazisinde yang\u0131n meydana geldi. Yang\u0131nlardan 4\u2019\u00fc ekiplerin m\u00fcdahalesi ile b\u00fcy\u00fcmeden s\u00f6nd\u00fcr\u00fcl\u00fcrken, sarp arazilerde meydana gelen 3 ayr\u0131 orman yang\u0131n\u0131 ise k\u0131sa s\u00fcrede b\u00fcy\u00fcd\u00fc. Havan\u0131n karal\u0131k olmas\u0131 nedeniyle sadece karadan m\u00fcdahalenin yap\u0131labildi\u011fi yang\u0131nlara ortam\u0131n ayd\u0131nlanmas\u0131 ile birlikte hava m\u00fcdahalesi de ba\u015flad\u0131.<br \/>\n<br \/>Orman yang\u0131n\u0131 s\u00f6nd\u00fcrme ekiplerinin yan\u0131 s\u0131ra g\u00f6n\u00fcll\u00fc sivil toplum kurulu\u015flar\u0131 ve vatanda\u015flar\u0131n da destek verdi\u011fi s\u00f6nd\u00fcrme \u00e7al\u0131\u015fmalar\u0131 Milas Akkovanl\u0131k, Milas K\u0131y\u0131k\u0131\u015flac\u0131k, K\u00f6yce\u011fiz Akk\u00f6pr\u00fc Bozburun\u2019da devam ediyor.<br \/>\n<br \/>Milas Akkovanl\u0131k yang\u0131n\u0131 s\u00f6nd\u00fcrme \u00e7al\u0131\u015fmalar\u0131na 22 araz\u00f6z, 7 su tankeri, 4 dozer, 160 personel ve 4 helikopter, Milas K\u0131y\u0131k\u0131\u015flac\u0131k yang\u0131n\u0131na 11 araz\u00f6z, 5 su tankeri, 3 helikopter, 2 u\u00e7ak ve 80 personel ve K\u00f6yce\u011fiz Akk\u00f6pr\u00fc yang\u0131n\u0131 s\u00f6nd\u00fcrme \u00e7al\u0131\u015fmalar\u0131na da 28 araz\u00f6z, 9 su tankeri, 3 dozer, 3 helikopter, 5 u\u00e7ak ve 170 personel kat\u0131l\u0131yor.<br \/><\/p>\n","protected":false},"excerpt":{"rendered":"<p>Mu\u011fla\u2019da d\u00fcn ak\u015fam saatlerinden itibaren pe\u015f pe\u015fe ba\u015flayan 7 ayr\u0131 yang\u0131ndan devam eden 3 orman yang\u0131n\u0131n\u0131 s\u00f6nd\u00fcrme \u00e7al\u0131\u015fmalar\u0131 hava deste\u011fi geldi. Sabah havan\u0131n ayd\u0131nlanmas\u0131 ile birlikte u\u00e7ak ve helikopterler s\u00f6nd\u00fcrme \u00e7al\u0131\u015fmas\u0131na ba\u015flad\u0131. Bu arada r\u00fczgar\u0131n \u015fiddetinin hafiflemesi de yang\u0131n\u0131n h\u0131zl\u0131 ilerlemesini k\u0131smen de olsa durdurdu. Mu\u011fla\u2019da gece saat 22:15\u2019den 03.34\u2019e kadar 7 ayr\u0131 noktada 7&#8230;<\/p>\n","protected":false},"author":1,"featured_media":55828,"comment_status":"open","ping_status":"open","sticky":false,"template":"","format":"standard","meta":{"_crdt_document":"","footnotes":""},"categories":[5],"tags":[],"class_list":["post-55827","post","type-post","status-publish","format-standard","has-post-thumbnail","hentry","category-asayis"],"_links":{"self":[{"href":"https:\/\/www.egemtv.com\/index.php?rest_route=\/wp\/v2\/posts\/55827","targetHints":{"allow":["GET"]}}],"collection":[{"href":"https:\/\/www.egemtv.com\/index.php?rest_route=\/wp\/v2\/posts"}],"about":[{"href":"https:\/\/www.egemtv.com\/index.php?rest_route=\/wp\/v2\/types\/post"}],"author":[{"embeddable":true,"href":"https:\/\/www.egemtv.com\/index.php?rest_route=\/wp\/v2\/users\/1"}],"replies":[{"embeddable":true,"href":"https:\/\/www.egemtv.com\/index.php?rest_route=%2Fwp%2Fv2%2Fcomments&post=55827"}],"version-history":[{"count":1,"href":"https:\/\/www.egemtv.com\/index.php?rest_route=\/wp\/v2\/posts\/55827\/revisions"}],"predecessor-version":[{"id":55829,"href":"https:\/\/www.egemtv.com\/index.php?rest_route=\/wp\/v2\/posts\/55827\/revisions\/55829"}],"wp:featuredmedia":[{"embeddable":true,"href":"https:\/\/www.egemtv.com\/index.php?rest_route=\/wp\/v2\/media\/55828"}],"wp:attachment":[{"href":"https:\/\/www.egemtv.com\/index.php?rest_route=%2Fwp%2Fv2%2Fmedia&parent=55827"}],"wp:term":[{"taxonomy":"category","embeddable":true,"href":"https:\/\/www.egemtv.com\/index.php?rest_route=%2Fwp%2Fv2%2Fcategories&post=55827"},{"taxonomy":"post_tag","embeddable":true,"href":"https:\/\/www.egemtv.com\/index.php?rest_route=%2Fwp%2Fv2%2Ftags&post=55827"}],"curies":[{"name":"wp","href":"https:\/\/api.w.org\/{rel}","templated":true}]}}