{"id":55824,"date":"2025-09-19T08:14:48","date_gmt":"2025-09-19T05:14:48","guid":{"rendered":"https:\/\/www.egemtv.com\/?p=55824"},"modified":"2025-09-19T08:14:48","modified_gmt":"2025-09-19T05:14:48","slug":"manisada-20-yil-2-ay-hapis-cezasi-bulunan-firari-yakalandi","status":"publish","type":"post","link":"https:\/\/www.egemtv.com\/?p=55824","title":{"rendered":"Manisa\u2019da 20 y\u0131l 2 ay hapis cezas\u0131 bulunan firari yakaland\u0131"},"content":{"rendered":"<p>Manisa\u2019da JASAT ekiplerinin d\u00fczenledi\u011fi operasyonda, hakk\u0131nda \u00e7e\u015fitli su\u00e7lardan toplam 20 y\u0131l 2 ay kesinle\u015fmi\u015f hapis cezas\u0131 bulunan firari \u015fah\u0131s yakaland\u0131.<br \/>\n<br \/>Edinilen bilgiye g\u00f6re, Manisa \u0130l Jandarma Komutanl\u0131\u011f\u0131 JASAT ekipleri taraf\u0131ndan 18 Eyl\u00fcl 2025 g\u00fcn\u00fc nitelikli su\u00e7lardan aranan \u015fah\u0131slar\u0131n yakalanmas\u0131na y\u00f6nelik \u00e7al\u0131\u015fma y\u00fcr\u00fct\u00fcld\u00fc. \u00c7al\u0131\u015fmalar kapsam\u0131nda \u2019Silahla Tehdit\u2019, \u2019\u0130\u015fyeri Dokunulmazl\u0131\u011f\u0131n\u0131 \u0130hlal Etme\u2019, \u2019Kamu Mal\u0131na Zarar Verme\u2019 ve \u2019H\u00fck\u00fcml\u00fc veya Tutuklunun Ka\u00e7mas\u0131\u2019 su\u00e7lar\u0131ndan hakk\u0131nda toplam 20 y\u0131l 2 ay kesinle\u015fmi\u015f hapis cezas\u0131 bulunan E.E. (E\/40) isimli \u015fah\u0131s, \u015eehzadeler il\u00e7esindeki ikametinde yakalanarak g\u00f6zalt\u0131na al\u0131nd\u0131.<br \/>\n<br \/>Yakalanan \u015fah\u0131s hakk\u0131nda adli i\u015flemlere ba\u015fland\u0131\u011f\u0131 \u00f6\u011frenildi.<br \/><\/p>\n","protected":false},"excerpt":{"rendered":"<p>Manisa\u2019da JASAT ekiplerinin d\u00fczenledi\u011fi operasyonda, hakk\u0131nda \u00e7e\u015fitli su\u00e7lardan toplam 20 y\u0131l 2 ay kesinle\u015fmi\u015f hapis cezas\u0131 bulunan firari \u015fah\u0131s yakaland\u0131. Edinilen bilgiye g\u00f6re, Manisa \u0130l Jandarma Komutanl\u0131\u011f\u0131 JASAT ekipleri taraf\u0131ndan 18 Eyl\u00fcl 2025 g\u00fcn\u00fc nitelikli su\u00e7lardan aranan \u015fah\u0131slar\u0131n yakalanmas\u0131na y\u00f6nelik \u00e7al\u0131\u015fma y\u00fcr\u00fct\u00fcld\u00fc. \u00c7al\u0131\u015fmalar kapsam\u0131nda \u2019Silahla Tehdit\u2019, \u2019\u0130\u015fyeri Dokunulmazl\u0131\u011f\u0131n\u0131 \u0130hlal Etme\u2019, \u2019Kamu Mal\u0131na Zarar Verme\u2019 ve&#8230;<\/p>\n","protected":false},"author":1,"featured_media":55825,"comment_status":"open","ping_status":"open","sticky":false,"template":"","format":"standard","meta":{"_crdt_document":"","footnotes":""},"categories":[5],"tags":[],"class_list":["post-55824","post","type-post","status-publish","format-standard","has-post-thumbnail","hentry","category-asayis"],"_links":{"self":[{"href":"https:\/\/www.egemtv.com\/index.php?rest_route=\/wp\/v2\/posts\/55824","targetHints":{"allow":["GET"]}}],"collection":[{"href":"https:\/\/www.egemtv.com\/index.php?rest_route=\/wp\/v2\/posts"}],"about":[{"href":"https:\/\/www.egemtv.com\/index.php?rest_route=\/wp\/v2\/types\/post"}],"author":[{"embeddable":true,"href":"https:\/\/www.egemtv.com\/index.php?rest_route=\/wp\/v2\/users\/1"}],"replies":[{"embeddable":true,"href":"https:\/\/www.egemtv.com\/index.php?rest_route=%2Fwp%2Fv2%2Fcomments&post=55824"}],"version-history":[{"count":1,"href":"https:\/\/www.egemtv.com\/index.php?rest_route=\/wp\/v2\/posts\/55824\/revisions"}],"predecessor-version":[{"id":55826,"href":"https:\/\/www.egemtv.com\/index.php?rest_route=\/wp\/v2\/posts\/55824\/revisions\/55826"}],"wp:featuredmedia":[{"embeddable":true,"href":"https:\/\/www.egemtv.com\/index.php?rest_route=\/wp\/v2\/media\/55825"}],"wp:attachment":[{"href":"https:\/\/www.egemtv.com\/index.php?rest_route=%2Fwp%2Fv2%2Fmedia&parent=55824"}],"wp:term":[{"taxonomy":"category","embeddable":true,"href":"https:\/\/www.egemtv.com\/index.php?rest_route=%2Fwp%2Fv2%2Fcategories&post=55824"},{"taxonomy":"post_tag","embeddable":true,"href":"https:\/\/www.egemtv.com\/index.php?rest_route=%2Fwp%2Fv2%2Ftags&post=55824"}],"curies":[{"name":"wp","href":"https:\/\/api.w.org\/{rel}","templated":true}]}}