{"id":55821,"date":"2025-09-19T08:14:47","date_gmt":"2025-09-19T05:14:47","guid":{"rendered":"https:\/\/www.egemtv.com\/?p=55821"},"modified":"2025-09-19T08:14:47","modified_gmt":"2025-09-19T05:14:47","slug":"sarigolde-mevlid-i-nebi-programi-duzenlendi","status":"publish","type":"post","link":"https:\/\/www.egemtv.com\/?p=55821","title":{"rendered":"Sar\u0131g\u00f6l\u2019de Mevlid-i Nebi program\u0131 d\u00fczenlendi"},"content":{"rendered":"<p>Manisa\u2019n\u0131n Sar\u0131g\u00f6l il\u00e7esinde, Mustafa Metin \u0130mam Hatip Ortaokulu taraf\u0131ndan d\u00fczenlenen Mevlid-i Nebi program\u0131 yo\u011fun ilgi g\u00f6rd\u00fc.<br \/>\n<br \/>Okul konferans salonunda ger\u00e7ekle\u015ftirilen programa Sar\u0131g\u00f6l Kaymakam\u0131 Halil Dalak, Belediye Ba\u015fkan Yard\u0131mc\u0131s\u0131 Mustafa Y\u0131ld\u0131r\u0131m, \u0130l\u00e7e Milli E\u011fitim M\u00fcd\u00fcr\u00fc Cezmi Y\u0131ld\u0131rak, daire amirleri, veliler ve hay\u0131rseverler kat\u0131ld\u0131.<br \/>\n<br \/>Mevlid-i Nebi program\u0131 kapsam\u0131nda d\u00fczenlenen etkinlikte \u00f6\u011frenciler Hz. Muhammed Mustafa (SAV) i\u00e7in \u015fiirler okudu, ilahiler seslendirdi, Kur\u2019an-\u0131 Kerim tilaveti yap\u0131ld\u0131 ve sema g\u00f6sterileri sahnelendi. Program sonunda misafirlere ikramlarda bulunuldu.<br \/>\n<br \/>Okul M\u00fcd\u00fcr\u00fc Veysel \u00c7etin, Mevlid-i Nebi Haftas\u0131\u2019n\u0131 en g\u00fczel \u015fekilde idrak ettiklerini belirterek, programa kat\u0131l\u0131m sa\u011flayan davetlilere te\u015fekk\u00fcr etti.<br \/><\/p>\n","protected":false},"excerpt":{"rendered":"<p>Manisa\u2019n\u0131n Sar\u0131g\u00f6l il\u00e7esinde, Mustafa Metin \u0130mam Hatip Ortaokulu taraf\u0131ndan d\u00fczenlenen Mevlid-i Nebi program\u0131 yo\u011fun ilgi g\u00f6rd\u00fc. Okul konferans salonunda ger\u00e7ekle\u015ftirilen programa Sar\u0131g\u00f6l Kaymakam\u0131 Halil Dalak, Belediye Ba\u015fkan Yard\u0131mc\u0131s\u0131 Mustafa Y\u0131ld\u0131r\u0131m, \u0130l\u00e7e Milli E\u011fitim M\u00fcd\u00fcr\u00fc Cezmi Y\u0131ld\u0131rak, daire amirleri, veliler ve hay\u0131rseverler kat\u0131ld\u0131. Mevlid-i Nebi program\u0131 kapsam\u0131nda d\u00fczenlenen etkinlikte \u00f6\u011frenciler Hz. Muhammed Mustafa (SAV) i\u00e7in \u015fiirler&#8230;<\/p>\n","protected":false},"author":1,"featured_media":55822,"comment_status":"open","ping_status":"open","sticky":false,"template":"","format":"standard","meta":{"_crdt_document":"","footnotes":""},"categories":[1],"tags":[],"class_list":["post-55821","post","type-post","status-publish","format-standard","has-post-thumbnail","hentry","category-guncel"],"_links":{"self":[{"href":"https:\/\/www.egemtv.com\/index.php?rest_route=\/wp\/v2\/posts\/55821","targetHints":{"allow":["GET"]}}],"collection":[{"href":"https:\/\/www.egemtv.com\/index.php?rest_route=\/wp\/v2\/posts"}],"about":[{"href":"https:\/\/www.egemtv.com\/index.php?rest_route=\/wp\/v2\/types\/post"}],"author":[{"embeddable":true,"href":"https:\/\/www.egemtv.com\/index.php?rest_route=\/wp\/v2\/users\/1"}],"replies":[{"embeddable":true,"href":"https:\/\/www.egemtv.com\/index.php?rest_route=%2Fwp%2Fv2%2Fcomments&post=55821"}],"version-history":[{"count":1,"href":"https:\/\/www.egemtv.com\/index.php?rest_route=\/wp\/v2\/posts\/55821\/revisions"}],"predecessor-version":[{"id":55823,"href":"https:\/\/www.egemtv.com\/index.php?rest_route=\/wp\/v2\/posts\/55821\/revisions\/55823"}],"wp:featuredmedia":[{"embeddable":true,"href":"https:\/\/www.egemtv.com\/index.php?rest_route=\/wp\/v2\/media\/55822"}],"wp:attachment":[{"href":"https:\/\/www.egemtv.com\/index.php?rest_route=%2Fwp%2Fv2%2Fmedia&parent=55821"}],"wp:term":[{"taxonomy":"category","embeddable":true,"href":"https:\/\/www.egemtv.com\/index.php?rest_route=%2Fwp%2Fv2%2Fcategories&post=55821"},{"taxonomy":"post_tag","embeddable":true,"href":"https:\/\/www.egemtv.com\/index.php?rest_route=%2Fwp%2Fv2%2Ftags&post=55821"}],"curies":[{"name":"wp","href":"https:\/\/api.w.org\/{rel}","templated":true}]}}